{"id":10199,"date":"2016-05-09T09:19:03","date_gmt":"2016-05-09T13:19:03","guid":{"rendered":"http:\/\/folhaderondonianews.com\/news\/?p=10199"},"modified":"2016-05-09T09:24:37","modified_gmt":"2016-05-09T13:24:37","slug":"renan-le-em-plenario-do-senado-resultado-da-votacao-do-impeachment","status":"publish","type":"post","link":"https:\/\/folhaderondonianews.com\/news\/2016\/05\/09\/renan-le-em-plenario-do-senado-resultado-da-votacao-do-impeachment\/","title":{"rendered":"Renan l\u00ea em plen\u00e1rio do Senado resultado da vota\u00e7\u00e3o do impeachment"},"content":{"rendered":"<p>O presidente do Senado, Renan Calheiros (PMDB-AL), faz nesta segunda-feira (9) a leitura no plen\u00e1rio do resultado da vota\u00e7\u00e3o do parecer do senador Antonio Anastasia (PSDB-MG), favor\u00e1vel \u00e0 abertura do processo de impeachment contra a presidenta Dilma Rousseff. O parecer foi aprovado sexta-feira (6) pela Comiss\u00e3o Especial do Impeachment no Senado por 15 votos a favor e 5 contr\u00e1rios. Com a leitura hoje, come\u00e7a a contar o prazo de 48 horas para que o parecer seja votado no plen\u00e1rio.<\/p>\n<p>Assim, a sess\u00e3o para discuss\u00e3o do relat\u00f3rio come\u00e7ar\u00e1 quarta-feira (11), mas a previs\u00e3o \u00e9 de que a vota\u00e7\u00e3o s\u00f3 ocorra na quinta (12) porque, se os senadores quiserem, o presidente poder\u00e1 suspender a sess\u00e3o na quarta-feira \u00e0 noite e retom\u00e1-la no dia seguinte de manh\u00e3. O tempo estimado apenas para a fase de discursos dos senadores \u00e9 de 20 horas, mas o plen\u00e1rio ainda deve discutir quest\u00f5es de ordem que ser\u00e3o apresentadas pela base governista e o encaminhamento dos l\u00edderes. A previs\u00e3o \u00e9 que a vota\u00e7\u00e3o ocorra pelo painel eletr\u00f4nico, sem a chamada nominal que houve na vota\u00e7\u00e3o da C\u00e2mara.<\/p>\n<p>Para iniciar a sess\u00e3o, s\u00e3o necess\u00e1rios mais da metade dos senadores (41 de 81). Para aprova\u00e7\u00e3o, o qu\u00f3rum m\u00ednimo \u00e9 de mais da metade dos presentes.<\/p>\n<p>Se o parecer for aprovado em plen\u00e1rio, a presidenta ser\u00e1 afastada imediatamente do cargo por 180 dias e o vice-presidente Michel Temer assumir\u00e1 o cargo. Se for rejeitado, o processo ser\u00e1 arquivado.<\/p>\n","protected":false},"excerpt":{"rendered":"<div class=\"mh-excerpt\"><p>Parecer para afastamento de Dilma foi aprovado da senta; previs\u00e3o \u00e9 de que a vota\u00e7\u00e3o ocorra na quinta-feira (12).<\/p>\n<\/div>","protected":false},"author":1,"featured_media":10200,"comment_status":"open","ping_status":"closed","sticky":false,"template":"","format":"standard","meta":{"footnotes":""},"categories":[9],"tags":[562,982,981],"class_list":["post-10199","post","type-post","status-publish","format-standard","has-post-thumbnail","hentry","category-politica","tag-impeachment","tag-relatorio","tag-renan"],"_links":{"self":[{"href":"https:\/\/folhaderondonianews.com\/news\/wp-json\/wp\/v2\/posts\/10199","targetHints":{"allow":["GET"]}}],"collection":[{"href":"https:\/\/folhaderondonianews.com\/news\/wp-json\/wp\/v2\/posts"}],"about":[{"href":"https:\/\/folhaderondonianews.com\/news\/wp-json\/wp\/v2\/types\/post"}],"author":[{"embeddable":true,"href":"https:\/\/folhaderondonianews.com\/news\/wp-json\/wp\/v2\/users\/1"}],"replies":[{"embeddable":true,"href":"https:\/\/folhaderondonianews.com\/news\/wp-json\/wp\/v2\/comments?post=10199"}],"version-history":[{"count":0,"href":"https:\/\/folhaderondonianews.com\/news\/wp-json\/wp\/v2\/posts\/10199\/revisions"}],"wp:featuredmedia":[{"embeddable":true,"href":"https:\/\/folhaderondonianews.com\/news\/wp-json\/wp\/v2\/media\/10200"}],"wp:attachment":[{"href":"https:\/\/folhaderondonianews.com\/news\/wp-json\/wp\/v2\/media?parent=10199"}],"wp:term":[{"taxonomy":"category","embeddable":true,"href":"https:\/\/folhaderondonianews.com\/news\/wp-json\/wp\/v2\/categories?post=10199"},{"taxonomy":"post_tag","embeddable":true,"href":"https:\/\/folhaderondonianews.com\/news\/wp-json\/wp\/v2\/tags?post=10199"}],"curies":[{"name":"wp","href":"https:\/\/api.w.org\/{rel}","templated":true}]}}