{"id":10247,"date":"2016-05-10T09:34:58","date_gmt":"2016-05-10T13:34:58","guid":{"rendered":"http:\/\/folhaderondonianews.com\/news\/?p=10247"},"modified":"2016-05-10T09:34:58","modified_gmt":"2016-05-10T13:34:58","slug":"waldir-maranhao-revoga-decisao-de-anular-aprovacao-do-impeachment-na-camara","status":"publish","type":"post","link":"https:\/\/folhaderondonianews.com\/news\/2016\/05\/10\/waldir-maranhao-revoga-decisao-de-anular-aprovacao-do-impeachment-na-camara\/","title":{"rendered":"Waldir Maranh\u00e3o revoga decis\u00e3o de anular aprova\u00e7\u00e3o do impeachment na C\u00e2mara"},"content":{"rendered":"<p>O presidente em exerc\u00edcio da C\u00e2mara dos Deputados, Waldir Maranh\u00e3o (PP-MA) revogou, na madrugada de hoje (10) decis\u00e3o tomada ontem (9) de manh\u00e3, de anular as sess\u00f5es plen\u00e1rias da C\u00e2mara em que foi aprovada a admissibilidade do processo de <em>impeachment <\/em>da presidenta Dilma Rousseff.<\/p>\n<p>&#8220;Revogo a decis\u00e3o por mim proferida em 9 de maio de 2016 por meio da qual foram anuladas as sess\u00f5es do plen\u00e1rio da C\u00e2mara dos Deputados ocorridas dias 15, 16 e 17 de abril de 2016, nas quais se deliberou sobre a Den\u00fancia por Crime de Responsabilidade n\u00ba 1\/2015&#8221;, diz o texto do of\u00edcio assinado por Maranh\u00e3o.<\/p>\n<p>Em outro of\u00edcio, Waldir Maranh\u00e3o comunicou a decis\u00e3o ao presidente do Senado, Renan Calheiros (PMDB-AL).<\/p>\n<p>A Secretaria-Geral da Mesa da C\u00e2mara recebeu a decis\u00e3o da revoga\u00e7\u00e3o logo depois da meia-noite.<\/p>\n<p>Nessa segunda-feira, Renan decidiu ignorar a decis\u00e3o do presidente em exerc\u00edcio da C\u00e2mara e determinou que o relator do processo na Comiss\u00e3o Especial do Impeachment do Senado, Antonio Anastasia (PSDB-MG), fizesse a leitura do parecer, favor\u00e1vel \u00e0 admissibilidade do processo no plen\u00e1rio da Casa. Com isso, come\u00e7ou a contar o prazo de 48 horas para que os senadores votem a admissibilidade e o afastamento da presidenta por 180 dias, o que deve ocorrer nesta quarta-feira (11).<\/p>\n<p><em>Texto alterado para acr\u00e9scimo de informa\u00e7\u00e3o<\/em><\/p>\n","protected":false},"excerpt":{"rendered":"<div class=\"mh-excerpt\"><p>O presidente em exerc\u00edcio da C\u00e2mara dos Deputados, Waldir Maranh\u00e3o (PP-MA) revogou, na madrugada de hoje (10) decis\u00e3o tomada ontem (9) de manh\u00e3, de anular <a class=\"mh-excerpt-more\" href=\"https:\/\/folhaderondonianews.com\/news\/2016\/05\/10\/waldir-maranhao-revoga-decisao-de-anular-aprovacao-do-impeachment-na-camara\/\" title=\"Waldir Maranh\u00e3o revoga decis\u00e3o de anular aprova\u00e7\u00e3o do impeachment na C\u00e2mara\">[&#8230;]<\/a><\/p>\n<\/div>","protected":false},"author":1,"featured_media":10248,"comment_status":"open","ping_status":"closed","sticky":false,"template":"","format":"standard","meta":{"footnotes":""},"categories":[9],"tags":[994],"class_list":["post-10247","post","type-post","status-publish","format-standard","has-post-thumbnail","hentry","category-politica","tag-waldir-maranhao-anula-decisao"],"_links":{"self":[{"href":"https:\/\/folhaderondonianews.com\/news\/wp-json\/wp\/v2\/posts\/10247","targetHints":{"allow":["GET"]}}],"collection":[{"href":"https:\/\/folhaderondonianews.com\/news\/wp-json\/wp\/v2\/posts"}],"about":[{"href":"https:\/\/folhaderondonianews.com\/news\/wp-json\/wp\/v2\/types\/post"}],"author":[{"embeddable":true,"href":"https:\/\/folhaderondonianews.com\/news\/wp-json\/wp\/v2\/users\/1"}],"replies":[{"embeddable":true,"href":"https:\/\/folhaderondonianews.com\/news\/wp-json\/wp\/v2\/comments?post=10247"}],"version-history":[{"count":0,"href":"https:\/\/folhaderondonianews.com\/news\/wp-json\/wp\/v2\/posts\/10247\/revisions"}],"wp:featuredmedia":[{"embeddable":true,"href":"https:\/\/folhaderondonianews.com\/news\/wp-json\/wp\/v2\/media\/10248"}],"wp:attachment":[{"href":"https:\/\/folhaderondonianews.com\/news\/wp-json\/wp\/v2\/media?parent=10247"}],"wp:term":[{"taxonomy":"category","embeddable":true,"href":"https:\/\/folhaderondonianews.com\/news\/wp-json\/wp\/v2\/categories?post=10247"},{"taxonomy":"post_tag","embeddable":true,"href":"https:\/\/folhaderondonianews.com\/news\/wp-json\/wp\/v2\/tags?post=10247"}],"curies":[{"name":"wp","href":"https:\/\/api.w.org\/{rel}","templated":true}]}}