{"id":10250,"date":"2016-05-10T10:04:25","date_gmt":"2016-05-10T14:04:25","guid":{"rendered":"http:\/\/folhaderondonianews.com\/news\/?p=10250"},"modified":"2016-05-10T10:12:49","modified_gmt":"2016-05-10T14:12:49","slug":"dilma-foi-avisada-no-domingo-que-maranhao-anularia-a-votacao","status":"publish","type":"post","link":"https:\/\/folhaderondonianews.com\/news\/2016\/05\/10\/dilma-foi-avisada-no-domingo-que-maranhao-anularia-a-votacao\/","title":{"rendered":"Dilma foi avisada no domingo que Maranh\u00e3o anularia a vota\u00e7\u00e3o"},"content":{"rendered":"<p>Folha Press &#8211; A presidente Dilma Rousseff recebeu na noite de domingo (8) a informa\u00e7\u00e3o de que havia uma tend\u00eancia de que o presidente da C\u00e2mara, Waldir Maranh\u00e3o (PP-MA), anulasse a sess\u00e3o em que 367 deputados aprovaram seu pedido de impeachment.<\/p>\n<p>O portador do recado foi o advogado-geral da Uni\u00e3o, Jos\u00e9 Eduardo Cardozo, que havia se reunido pouco antes com Maranh\u00e3o e o governador Fl\u00e1vio Dino (PCdoB-MA).<\/p>\n<p>O pr\u00f3prio governador, que \u00e9 juiz federal, admitiu ter aconselhado o conterr\u00e2neo. Cardozo tamb\u00e9m reconheceu o encontro, mas negou que Maranh\u00e3o tenha antecipado o conte\u00fado de sua decis\u00e3o j\u00e1 no domingo. Aliados, no entanto, desmentem essa vers\u00e3o.<\/p>\n<p>O deputado n\u00e3o debateu o ato em que anulou a sess\u00e3o com o corpo t\u00e9cnico da C\u00e2mara nem com seus advogados.<\/p>\n<p>Maranh\u00e3o teve um primeiro encontro com Cardozo na sexta (7). Nesta conversa, o ministro da AGU sugeriu que o presidente interino da C\u00e2mara despachasse o recurso dele, que estava parado na C\u00e2mara. A pe\u00e7a pedia a suspens\u00e3o da sess\u00e3o que aprovou o impeachment na C\u00e2mara.<\/p>\n<p>Maranh\u00e3o teria indicado j\u00e1 ali que estava disposto a tomar uma decis\u00e3o sobre o tema. No fim de semana, o pepista reuniu-se com Dino.<\/p>\n<p>O governador deu, segundo interlocutores de Maranh\u00e3o, as bases jur\u00eddicas para que ele acatasse o recurso. No domingo, os dois viajaram de S\u00e3o Lu\u00eds para Bras\u00edlia, juntos.<\/p>\n<p>Quando chegaram \u00e0 capital federal, Cardozo se juntou ao grupo. Ele entregou a Maranh\u00e3o um roteiro dos seus questionamentos. Nesta segunda, a decis\u00e3o do presidente da C\u00e2mara trazia exatamente os argumentos apresentados por Cardozo.<\/p>\n<p><strong>Cunha<\/strong><\/p>\n<p>Aliados do governo sugeriram que a decis\u00e3o de Maranh\u00e3o poderia ter sido influenciada tamb\u00e9m por outros &#8220;padrinhos&#8221;, como o deputado Eduardo Cunha (PMDB-RJ), cujo afastamento da presid\u00eancia da C\u00e2mara e do mandato foi decretado semana passada pelo STF.<\/p>\n<p>Cunha e Maranh\u00e3o eram aliados, mas se distanciaram \u00e0s v\u00e9speras da vota\u00e7\u00e3o do impeachment, quando Maranh\u00e3o decidiu mudar seu voto de a favor para contra o afastamento de Dilma. Maranh\u00e3o esteve com Cunha na \u00faltima sexta-feira (7), um dia depois de ser al\u00e7ado \u00e0 presid\u00eancia da Casa gra\u00e7as ao afastamento do peemedebista.<\/p>\n<p>A aliados, Cunha disse que a teoria de que ele pudesse ter sugerido a Maranh\u00e3o a anula\u00e7\u00e3o do impeachment para tumultuar o ambiente pol\u00edtico \u00e9 &#8220;absurda&#8221;.<\/p>\n<p>E insinuou que seu afastamento do cargo foi um cap\u00edtulo no enredo que tenta proteger Dilma do impeachment. &#8220;O golpe \u00e9 esse a\u00ed&#8221;, acusou Cunha.<\/p>\n","protected":false},"excerpt":{"rendered":"<div class=\"mh-excerpt\"><p>Portador do recado foi o advogado-geral da Uni\u00e3o, Jos\u00e9 Eduardo Cardozo, que havia se reunido pouco antes com Maranh\u00e3o e o governador Fl\u00e1vio Dino (PCdoB-MA).<\/p>\n<\/div>","protected":false},"author":1,"featured_media":10251,"comment_status":"open","ping_status":"closed","sticky":false,"template":"","format":"standard","meta":{"footnotes":""},"categories":[9],"tags":[995,996],"class_list":["post-10250","post","type-post","status-publish","format-standard","has-post-thumbnail","hentry","category-politica","tag-dilma-foi-avisada","tag-maranhao"],"_links":{"self":[{"href":"https:\/\/folhaderondonianews.com\/news\/wp-json\/wp\/v2\/posts\/10250","targetHints":{"allow":["GET"]}}],"collection":[{"href":"https:\/\/folhaderondonianews.com\/news\/wp-json\/wp\/v2\/posts"}],"about":[{"href":"https:\/\/folhaderondonianews.com\/news\/wp-json\/wp\/v2\/types\/post"}],"author":[{"embeddable":true,"href":"https:\/\/folhaderondonianews.com\/news\/wp-json\/wp\/v2\/users\/1"}],"replies":[{"embeddable":true,"href":"https:\/\/folhaderondonianews.com\/news\/wp-json\/wp\/v2\/comments?post=10250"}],"version-history":[{"count":0,"href":"https:\/\/folhaderondonianews.com\/news\/wp-json\/wp\/v2\/posts\/10250\/revisions"}],"wp:featuredmedia":[{"embeddable":true,"href":"https:\/\/folhaderondonianews.com\/news\/wp-json\/wp\/v2\/media\/10251"}],"wp:attachment":[{"href":"https:\/\/folhaderondonianews.com\/news\/wp-json\/wp\/v2\/media?parent=10250"}],"wp:term":[{"taxonomy":"category","embeddable":true,"href":"https:\/\/folhaderondonianews.com\/news\/wp-json\/wp\/v2\/categories?post=10250"},{"taxonomy":"post_tag","embeddable":true,"href":"https:\/\/folhaderondonianews.com\/news\/wp-json\/wp\/v2\/tags?post=10250"}],"curies":[{"name":"wp","href":"https:\/\/api.w.org\/{rel}","templated":true}]}}