{"id":10345,"date":"2016-05-13T16:08:52","date_gmt":"2016-05-13T20:08:52","guid":{"rendered":"http:\/\/folhaderondonianews.com\/news\/?p=10345"},"modified":"2016-05-13T16:08:52","modified_gmt":"2016-05-13T20:08:52","slug":"mulher-e-baleada-na-cabeca-no-centro-da-capital","status":"publish","type":"post","link":"https:\/\/folhaderondonianews.com\/news\/2016\/05\/13\/mulher-e-baleada-na-cabeca-no-centro-da-capital\/","title":{"rendered":"Mulher \u00e9 baleada na cabe\u00e7a no centro da capital"},"content":{"rendered":"<p><em><strong><span style=\"color: #000080;\"><a style=\"color: #000080;\" href=\"http:\/\/www.rondoniagora.com\/policia\/noticia\/2016\/05\/mulher-e-baleada-na-cabeca-no-centro-da-capital.html\">Rond\u00f4nia Agora <\/a><\/span><\/strong><\/em>&#8211; Uma mulher,\u00a0identificada como\u00a0Fernanda Caroline, 25 anos, foi baleada com tiro na cabe\u00e7a na tarde desta sexta-feira na \u00e1rea do Mirante 3 (desativado), no Bairro Arigol\u00e2ndia, em Porto Velho. De acordo com informa\u00e7\u00f5es apuradas pela Pol\u00edcia, amigos relatam que ela vinha recebendo amea\u00e7as de morte de um ex-namorado que n\u00e3o aceitava o fim do relacionamento.<\/p>\n<p>De acordo com a PM, testemunhas ouviram disparos e na sequ\u00eancia, um barulho de motocicleta saindo do local em alta velocidade.<\/p>\n<p>Duas viaturas seguiram para o local, a poucos metros do 1\u00ba BPM, mas nenhum suspeito foi encontrado<\/p>\n","protected":false},"excerpt":{"rendered":"<div class=\"mh-excerpt\"><p>Rond\u00f4nia Agora &#8211; Uma mulher,\u00a0identificada como\u00a0Fernanda Caroline, 25 anos, foi baleada com tiro na cabe\u00e7a na tarde desta sexta-feira na \u00e1rea do Mirante 3 (desativado), <a class=\"mh-excerpt-more\" href=\"https:\/\/folhaderondonianews.com\/news\/2016\/05\/13\/mulher-e-baleada-na-cabeca-no-centro-da-capital\/\" title=\"Mulher \u00e9 baleada na cabe\u00e7a no centro da capital\">[&#8230;]<\/a><\/p>\n<\/div>","protected":false},"author":1,"featured_media":10346,"comment_status":"open","ping_status":"closed","sticky":false,"template":"","format":"standard","meta":{"footnotes":""},"categories":[11],"tags":[211,1023],"class_list":["post-10345","post","type-post","status-publish","format-standard","has-post-thumbnail","hentry","category-policia","tag-porto-velho","tag-violencia"],"_links":{"self":[{"href":"https:\/\/folhaderondonianews.com\/news\/wp-json\/wp\/v2\/posts\/10345","targetHints":{"allow":["GET"]}}],"collection":[{"href":"https:\/\/folhaderondonianews.com\/news\/wp-json\/wp\/v2\/posts"}],"about":[{"href":"https:\/\/folhaderondonianews.com\/news\/wp-json\/wp\/v2\/types\/post"}],"author":[{"embeddable":true,"href":"https:\/\/folhaderondonianews.com\/news\/wp-json\/wp\/v2\/users\/1"}],"replies":[{"embeddable":true,"href":"https:\/\/folhaderondonianews.com\/news\/wp-json\/wp\/v2\/comments?post=10345"}],"version-history":[{"count":0,"href":"https:\/\/folhaderondonianews.com\/news\/wp-json\/wp\/v2\/posts\/10345\/revisions"}],"wp:featuredmedia":[{"embeddable":true,"href":"https:\/\/folhaderondonianews.com\/news\/wp-json\/wp\/v2\/media\/10346"}],"wp:attachment":[{"href":"https:\/\/folhaderondonianews.com\/news\/wp-json\/wp\/v2\/media?parent=10345"}],"wp:term":[{"taxonomy":"category","embeddable":true,"href":"https:\/\/folhaderondonianews.com\/news\/wp-json\/wp\/v2\/categories?post=10345"},{"taxonomy":"post_tag","embeddable":true,"href":"https:\/\/folhaderondonianews.com\/news\/wp-json\/wp\/v2\/tags?post=10345"}],"curies":[{"name":"wp","href":"https:\/\/api.w.org\/{rel}","templated":true}]}}