{"id":10404,"date":"2016-05-17T09:05:02","date_gmt":"2016-05-17T13:05:02","guid":{"rendered":"http:\/\/folhaderondonianews.com\/news\/?p=10404"},"modified":"2016-05-17T09:05:02","modified_gmt":"2016-05-17T13:05:02","slug":"ilan-goldfajn-e-indicado-para-o-banco-central","status":"publish","type":"post","link":"https:\/\/folhaderondonianews.com\/news\/2016\/05\/17\/ilan-goldfajn-e-indicado-para-o-banco-central\/","title":{"rendered":"Ilan Goldfajn \u00e9 indicado para o Banco Central"},"content":{"rendered":"<p>Agencia Brasil &#8211; O economista Ilan Goldfajn foi indicado hoje para a presid\u00eancia do Banco Central. Ele ter\u00e1 que ser sabatinado e ter o nome aprovado pela Comiss\u00e3o de Assuntos Econ\u00f4micos do Senado. O an\u00fancio do nome foi feito pelo ministro da Fazenda, Henrique Meirelles. Na condi\u00e7\u00e3o de presidente do Banco Central, Goldfajn vai coordenar a pol\u00edtica monet\u00e1ria e cambial do pa\u00eds.<\/p>\n<p>Meirelles disse que continuar\u00e1 estudando com calma o cen\u00e1rio econ\u00f4mico e que a pr\u00f3xima decis\u00e3o ser\u00e1 relativa aos bancos p\u00fablicos &#8211; Banco do Brasil, Banco do Nordeste e Banco da Amaz\u00f4nia.<\/p>\n<p>O ministro admitiu que alguns dos atuais gestores poder\u00e3o ser mantidos. O ministro da Fazenda tamb\u00e9m disse que o atual secret\u00e1rio da Receita Federal, Jorge Rachid, permanecer\u00e1 no cargo. Ot\u00e1vio Ladeira ser\u00e1 mantido na Secretaria do Tesouro.<\/p>\n<p>Ilan Goldfajn tem experi\u00eancia no setor p\u00fablico: exerceu o cargo de diretor de Pol\u00edtica Econ\u00f4mica do BC, entre 2000 e 2003, na gest\u00e3o de Arm\u00ednio Fraga. Goldfajn assumir\u00e1 o cargo ap\u00f3s passar por sabatina no Senado.<\/p>\n<p>No seu hist\u00f3rico profissional tamb\u00e9m est\u00e1 a diretoria do Centro de Debates de Pol\u00edticas P\u00fablicas. Foi tamb\u00e9m diretor do Instituto de Ensino e Pesquisa em Economia da Casa das Gar\u00e7as, entre 2006 e 2009, s\u00f3cio-fundador da Ciano Consultoria (2008 e 2009), s\u00f3cio-fundador e gestor da Ciano Investimentos (2007-2008) e s\u00f3cio da G\u00e1vea Investimentos (2003-2006), onde foi respons\u00e1vel pelas \u00e1reas de pesquisas macroecon\u00f4micas e an\u00e1lise de risco.<\/p>\n<p>Goldfajn \u00e9 economista, com mestrado pela Pontif\u00edcia Universidade Cat\u00f3lica do Rio de Janeiro e doutorado pelo Massachusetts Institute of Technology (MIT). Atuou como consultor de organiza\u00e7\u00f5es internacionais (como Banco Mundial, Fundo Monet\u00e1rio Internacional e Na\u00e7\u00f5es Unidas), do governo brasileiro e do setor privado.<\/p>\n<p><strong>Repercuss\u00e3o<\/strong><\/p>\n<p>O economista-chefe da Gradual Investimentos, Andr\u00e9 Perfeito, considera a escolha de Goldfajn positiva. \u201cAcho um nome excepcional, muito qualificado com passagem pelo governo, com muitos trabalhos publicados, acad\u00eamicos, na \u00e1rea de pol\u00edtica monet\u00e1ria. Tem experi\u00eancia do lado p\u00fablico e do lado privado. E acho que ele tem credibilidade com sobra para poder cortar os juros\u201d, disse.<\/p>\n<p>O professor de macroeconomia do Ibmec-RJ e economista da \u00d3rama Distribuidora de T\u00edtulos e Valores Mobili\u00e1rios Alexandre Esp\u00edrito Santo tamb\u00e9m ressaltou a forma\u00e7\u00e3o acad\u00eamica de Goldfajn e a experi\u00eancia no mercado financeiro e no BC.<\/p>\n<p>\u201c\u00c9 um dos mais competentes e preparados economistas que o pa\u00eds tem. J\u00e1 mostrou isso quando foi diretor do Banco Central e tem uma forma\u00e7\u00e3o extraordin\u00e1ria, acad\u00eamica. Tem muita experi\u00eancia como economista e s\u00f3cio do Ita\u00fa\u201d, disse.<\/p>\n<p>Para o professor do Ibemec, haver\u00e1 uma transi\u00e7\u00e3o \u201cbem tranquila\u201d no BC. \u201cA atual equipe do Banco Central tamb\u00e9m \u00e9 muito competente. Pode ter um pouco de diverg\u00eancia em termos de pensamento econ\u00f4mico, mas vai ser uma transi\u00e7\u00e3o tranquila. Ali\u00e1s, na minha cabe\u00e7a parece que vai ser a \u00fanica transi\u00e7\u00e3o tranquila pela compet\u00eancia de ambos. Tanto de quem vai sai, quanto de quem vai entrar\u201d, acrescentou Esp\u00edrito Santo.<\/p>\n","protected":false},"excerpt":{"rendered":"<div class=\"mh-excerpt\"><p>O economista Ilan Goldfajn foi indicado hoje para a presid\u00eancia do Banco Central. Ele ter\u00e1 que ser sabatinado e ter o nome aprovado pela Comiss\u00e3o de Assuntos Econ\u00f4micos do Senado. O an\u00fancio do nome foi feito pelo ministro da Fazenda, Henrique Meirelles. <\/p>\n<\/div>","protected":false},"author":1,"featured_media":10405,"comment_status":"open","ping_status":"closed","sticky":false,"template":"","format":"standard","meta":{"footnotes":""},"categories":[9],"tags":[1040],"class_list":["post-10404","post","type-post","status-publish","format-standard","has-post-thumbnail","hentry","category-politica","tag-ilan-goldfajn-no-banco-central"],"_links":{"self":[{"href":"https:\/\/folhaderondonianews.com\/news\/wp-json\/wp\/v2\/posts\/10404","targetHints":{"allow":["GET"]}}],"collection":[{"href":"https:\/\/folhaderondonianews.com\/news\/wp-json\/wp\/v2\/posts"}],"about":[{"href":"https:\/\/folhaderondonianews.com\/news\/wp-json\/wp\/v2\/types\/post"}],"author":[{"embeddable":true,"href":"https:\/\/folhaderondonianews.com\/news\/wp-json\/wp\/v2\/users\/1"}],"replies":[{"embeddable":true,"href":"https:\/\/folhaderondonianews.com\/news\/wp-json\/wp\/v2\/comments?post=10404"}],"version-history":[{"count":0,"href":"https:\/\/folhaderondonianews.com\/news\/wp-json\/wp\/v2\/posts\/10404\/revisions"}],"wp:featuredmedia":[{"embeddable":true,"href":"https:\/\/folhaderondonianews.com\/news\/wp-json\/wp\/v2\/media\/10405"}],"wp:attachment":[{"href":"https:\/\/folhaderondonianews.com\/news\/wp-json\/wp\/v2\/media?parent=10404"}],"wp:term":[{"taxonomy":"category","embeddable":true,"href":"https:\/\/folhaderondonianews.com\/news\/wp-json\/wp\/v2\/categories?post=10404"},{"taxonomy":"post_tag","embeddable":true,"href":"https:\/\/folhaderondonianews.com\/news\/wp-json\/wp\/v2\/tags?post=10404"}],"curies":[{"name":"wp","href":"https:\/\/api.w.org\/{rel}","templated":true}]}}