{"id":10417,"date":"2016-05-17T15:18:47","date_gmt":"2016-05-17T19:18:47","guid":{"rendered":"http:\/\/folhaderondonianews.com\/news\/?p=10417"},"modified":"2016-05-17T15:18:47","modified_gmt":"2016-05-17T19:18:47","slug":"cunha-vai-depor-no-conselho-na-quinta","status":"publish","type":"post","link":"https:\/\/folhaderondonianews.com\/news\/2016\/05\/17\/cunha-vai-depor-no-conselho-na-quinta\/","title":{"rendered":"Cunha vai depor no Conselho na quinta"},"content":{"rendered":"<p>O presidente afastado da C\u00e2mara dos Deputados, Eduardo Cunha, ir\u00e1 pessoalmente fazer sua defesa no Conselho de \u00c9tica e Decoro Parlamentar na pr\u00f3xima quinta-feira (19), \u00e0s 9h30. O an\u00fancio foi feito, h\u00e1 pouco, no colegiado, pela defesa do deputado. Cunha est\u00e1 afastado do mandato e da presid\u00eancia da C\u00e2mara pelo Supremo Tribunal Federal (STF).<\/p>\n<p>A defesa de Eduardo Cunha tamb\u00e9m avisou que n\u00e3o haver\u00e1 mais nenhum depoimento de testemunhas, j\u00e1 que o advogado que atua na Su\u00ed\u00e7a L\u00facio Velo n\u00e3o poder\u00e1 comparecer ao Conselho de \u00c9tica esta\u00a0semana, como estava previsto inicialmente.<\/p>\n<p><strong>Depoimento\u00a0<\/strong><br \/>\nCome\u00e7ou h\u00e1 pouco, no Conselho, o depoimento do advogado e professor Jos\u00e9 Tadeu de Chiara, terceira testemunha arrolada pela defesa de Eduardo Cunha. O presidente afastado da C\u00e2mara responde a processo por quebra de decoro, acusado de ter mentido em depoimento na extinta CPI da Petrobras, quando afirmou n\u00e3o possuir contas no exterior.<\/p>\n<p>O depoimento est\u00e1 sendo realizado no plen\u00e1rio 11.<\/p>\n","protected":false},"excerpt":{"rendered":"<div class=\"mh-excerpt\"><p>O presidente afastado da C\u00e2mara dos Deputados, Eduardo Cunha, ir\u00e1 pessoalmente fazer sua defesa no Conselho de \u00c9tica e Decoro Parlamentar na pr\u00f3xima quinta-feira (19), <a class=\"mh-excerpt-more\" href=\"https:\/\/folhaderondonianews.com\/news\/2016\/05\/17\/cunha-vai-depor-no-conselho-na-quinta\/\" title=\"Cunha vai depor no Conselho na quinta\">[&#8230;]<\/a><\/p>\n<\/div>","protected":false},"author":1,"featured_media":10418,"comment_status":"open","ping_status":"closed","sticky":false,"template":"","format":"standard","meta":{"footnotes":""},"categories":[9],"tags":[1043],"class_list":["post-10417","post","type-post","status-publish","format-standard","has-post-thumbnail","hentry","category-politica","tag-eduardo-cunha-depoe"],"_links":{"self":[{"href":"https:\/\/folhaderondonianews.com\/news\/wp-json\/wp\/v2\/posts\/10417","targetHints":{"allow":["GET"]}}],"collection":[{"href":"https:\/\/folhaderondonianews.com\/news\/wp-json\/wp\/v2\/posts"}],"about":[{"href":"https:\/\/folhaderondonianews.com\/news\/wp-json\/wp\/v2\/types\/post"}],"author":[{"embeddable":true,"href":"https:\/\/folhaderondonianews.com\/news\/wp-json\/wp\/v2\/users\/1"}],"replies":[{"embeddable":true,"href":"https:\/\/folhaderondonianews.com\/news\/wp-json\/wp\/v2\/comments?post=10417"}],"version-history":[{"count":0,"href":"https:\/\/folhaderondonianews.com\/news\/wp-json\/wp\/v2\/posts\/10417\/revisions"}],"wp:featuredmedia":[{"embeddable":true,"href":"https:\/\/folhaderondonianews.com\/news\/wp-json\/wp\/v2\/media\/10418"}],"wp:attachment":[{"href":"https:\/\/folhaderondonianews.com\/news\/wp-json\/wp\/v2\/media?parent=10417"}],"wp:term":[{"taxonomy":"category","embeddable":true,"href":"https:\/\/folhaderondonianews.com\/news\/wp-json\/wp\/v2\/categories?post=10417"},{"taxonomy":"post_tag","embeddable":true,"href":"https:\/\/folhaderondonianews.com\/news\/wp-json\/wp\/v2\/tags?post=10417"}],"curies":[{"name":"wp","href":"https:\/\/api.w.org\/{rel}","templated":true}]}}