{"id":10423,"date":"2016-05-18T08:56:48","date_gmt":"2016-05-18T12:56:48","guid":{"rendered":"http:\/\/folhaderondonianews.com\/news\/?p=10423"},"modified":"2016-05-18T08:56:48","modified_gmt":"2016-05-18T12:56:48","slug":"no-governo-de-temer-raupp-prioriza-acoes-para-infraestrutura-de-rondonia","status":"publish","type":"post","link":"https:\/\/folhaderondonianews.com\/news\/2016\/05\/18\/no-governo-de-temer-raupp-prioriza-acoes-para-infraestrutura-de-rondonia\/","title":{"rendered":"No Governo de Temer, Raupp prioriza a\u00e7\u00f5es para infraestrutura de Rond\u00f4nia"},"content":{"rendered":"<p><img decoding=\"async\" class=\"size-full wp-image-10425 alignleft lazyload\" data-src=\"https:\/\/folhaderondonianews.com\/news\/wp-content\/uploads\/2016\/05\/raupp-e-temer.jpg\" alt=\"raupp e temer\" width=\"240\" height=\"148\" src=\"data:image\/svg+xml;base64,PHN2ZyB3aWR0aD0iMSIgaGVpZ2h0PSIxIiB4bWxucz0iaHR0cDovL3d3dy53My5vcmcvMjAwMC9zdmciPjwvc3ZnPg==\" style=\"--smush-placeholder-width: 240px; --smush-placeholder-aspect-ratio: 240\/148;\" \/>(Bras\u00edlia, 17\/05\/16 &#8211; Ribamar Rodrigues) O senador Valdir Raupp afirmou que no Governo Michel Temer, pediu prioridade para obras de infraestrutura no estado, como destaque para duplica\u00e7\u00e3o da BR-364, implanta\u00e7\u00e3o da Ferrovia bioce\u00e2nica, no trecho Porto Velho\/Vilhena\/Sapezal(MT) e a dragagem da Hidrovia do Madeira. S\u00e3o obras importantes para o desenvolvimento do estado e que precisam ser executadas com urg\u00eancia, disse o senador.<\/p>\n<p>Al\u00e9m dessas obras, o senador tamb\u00e9m informou que solicitou ao presidente Michel Temer recursos para as \u00e1reas de sa\u00fade, educa\u00e7\u00e3o e seguran\u00e7a p\u00fablica. As pesquisas realizadas no estado revelam que os rondonienses pedem a\u00e7\u00f5es r\u00e1pidas para esses setores, afirmou o senador.<\/p>\n<p>Com o governo instalado e a equipe de ministros empossada, iniciaremos essa semana visitas aos Minist\u00e9rios visando refor\u00e7ar as reivindica\u00e7\u00f5es de Rond\u00f4nia apresentadas pelo governador Conf\u00facio Moura e pelos prefeitos municipais.<\/p>\n<p>\u201cEu e a deputada Marinha Raupp conhecemos a maioria dos ministros empossados o que facilita o encaminhamento dos pleitos de interesse dos rondonienses, afirmou o senador Valdir Raupp.<\/p>\n<p>&nbsp;<\/p>\n","protected":false},"excerpt":{"rendered":"<div class=\"mh-excerpt\"><p>O senador Valdir Raupp afirmou que no Governo Michel Temer, pediu prioridade para obras de infraestrutura no estado, como destaque para duplica\u00e7\u00e3o da BR-364, implanta\u00e7\u00e3o da Ferrovia bioce\u00e2nica, no trecho Porto Velho\/Vilhena\/Sapezal(MT) e a dragagem da Hidrovia do Madeira. S\u00e3o obras importantes para o desenvolvimento do estado e que precisam ser executadas com urg\u00eancia, disse o senador.<\/p>\n<\/div>","protected":false},"author":1,"featured_media":10424,"comment_status":"open","ping_status":"closed","sticky":false,"template":"","format":"standard","meta":{"footnotes":""},"categories":[9],"tags":[1045],"class_list":["post-10423","post","type-post","status-publish","format-standard","has-post-thumbnail","hentry","category-politica","tag-raupp-e-temer"],"_links":{"self":[{"href":"https:\/\/folhaderondonianews.com\/news\/wp-json\/wp\/v2\/posts\/10423","targetHints":{"allow":["GET"]}}],"collection":[{"href":"https:\/\/folhaderondonianews.com\/news\/wp-json\/wp\/v2\/posts"}],"about":[{"href":"https:\/\/folhaderondonianews.com\/news\/wp-json\/wp\/v2\/types\/post"}],"author":[{"embeddable":true,"href":"https:\/\/folhaderondonianews.com\/news\/wp-json\/wp\/v2\/users\/1"}],"replies":[{"embeddable":true,"href":"https:\/\/folhaderondonianews.com\/news\/wp-json\/wp\/v2\/comments?post=10423"}],"version-history":[{"count":0,"href":"https:\/\/folhaderondonianews.com\/news\/wp-json\/wp\/v2\/posts\/10423\/revisions"}],"wp:featuredmedia":[{"embeddable":true,"href":"https:\/\/folhaderondonianews.com\/news\/wp-json\/wp\/v2\/media\/10424"}],"wp:attachment":[{"href":"https:\/\/folhaderondonianews.com\/news\/wp-json\/wp\/v2\/media?parent=10423"}],"wp:term":[{"taxonomy":"category","embeddable":true,"href":"https:\/\/folhaderondonianews.com\/news\/wp-json\/wp\/v2\/categories?post=10423"},{"taxonomy":"post_tag","embeddable":true,"href":"https:\/\/folhaderondonianews.com\/news\/wp-json\/wp\/v2\/tags?post=10423"}],"curies":[{"name":"wp","href":"https:\/\/api.w.org\/{rel}","templated":true}]}}