{"id":10428,"date":"2016-05-18T10:25:48","date_gmt":"2016-05-18T14:25:48","guid":{"rendered":"http:\/\/folhaderondonianews.com\/news\/?p=10428"},"modified":"2016-05-18T10:25:49","modified_gmt":"2016-05-18T14:25:49","slug":"dirceu-e-condenado-a-23-anos-de-prisao-na-lava-jato","status":"publish","type":"post","link":"https:\/\/folhaderondonianews.com\/news\/2016\/05\/18\/dirceu-e-condenado-a-23-anos-de-prisao-na-lava-jato\/","title":{"rendered":"Dirceu \u00e9 condenado a 23 anos de pris\u00e3o na Lava Jato"},"content":{"rendered":"<p>O ex-ministro da Casa Civil Jos\u00e9 Dirceu foi condenado nesta quarta-feira (18) a 23 anos e 3 meses de pris\u00e3o por corrup\u00e7\u00e3o, lavagem de dinheiro e organiza\u00e7\u00e3o criminosa. A senten\u00e7a foi assinada pelo juiz federal S\u00e9rgio Moro, da Justi\u00e7a Federal do Paran\u00e1.<span style=\"color: #003366;\"> <a style=\"color: #003366;\" href=\"https:\/\/drive.google.com\/file\/d\/0B1VXqYorWNNzcS0taEhIZEpmLW8\/view?usp=sharing\" target=\"_blank\"><u><strong>CLIQUE AQUI<\/strong><\/u><\/a> <\/span>para ler a decis\u00e3o na \u00edntegra.<\/p>\n<p>\u00c9 a segunda senten\u00e7a contra Dirceu por crimes de corrup\u00e7\u00e3o \u2013 em 2012, ele recebeu pena no mensal\u00e3o. Foram condenados ainda outros investigados, como o irm\u00e3o do ex-ministro, Luiz Eduardo de Oliveira e Silva, que foi sentenciado a pena de oito anos e nove meses de reclus\u00e3o por lavagem e pertin\u00eancia \u00e0 organiza\u00e7\u00e3o criminosa.<\/p>\n<p>Jos\u00e9 Dirceu est\u00e1 preso em Curitiba desde agosto de 2015. Ele cumpria pris\u00e3o em regime domiciliar, decorrente da pena no mensal\u00e3o, quando foi detido pela Pol\u00edcia Federal acusado de envolvimento no caso Petrobras.<\/p>\n<div id=\"showcase-1\"><\/div>\n<p>Os procuradores da for\u00e7a-tarefa afirmaram que \u201cno n\u00facleo pol\u00edtico da organiza\u00e7\u00e3o criminosa\u201d alvo da Lava Jato, Dirceu \u201cocupava papel de destaque\u201d e foi benefici\u00e1rio final de valores desviados, al\u00e9m de ser um dos respons\u00e1veis pela cria\u00e7\u00e3o do \u201ccomplexo esquema criminoso praticado em variadas etapas e que envolveu diversas estruturas de poder, p\u00fablico e privado\u201d.<\/p>\n<p>A primeira condena\u00e7\u00e3o de Dirceu na Lava Jato trata do pagamento de R$ 56,8 milh\u00f5es em propinas pela empreiteira Engevix, integrante do cartel de empresas que em conluio com pol\u00edticos fatiava obras na Petrobras.<\/p>\n<p>Dirceu, o ex-diretor Renato Duque, o ex-gerente Barusco e o ex-tesoureiro Vaccari foram condenados pela pr\u00e1tica de 31 atos de corrup\u00e7\u00e3o passiva.<\/p>\n<div class=\"twelve columns\"><\/div>\n<div id=\"showcase-2\" class=\"politica\"><\/div>\n","protected":false},"excerpt":{"rendered":"<div class=\"mh-excerpt\"><p>O ex-ministro da Casa Civil Jos\u00e9 Dirceu foi condenado nesta quarta-feira (18) a 23 anos e 3 meses de pris\u00e3o por corrup\u00e7\u00e3o, lavagem de dinheiro <a class=\"mh-excerpt-more\" href=\"https:\/\/folhaderondonianews.com\/news\/2016\/05\/18\/dirceu-e-condenado-a-23-anos-de-prisao-na-lava-jato\/\" title=\"Dirceu \u00e9 condenado a 23 anos de pris\u00e3o na Lava Jato\">[&#8230;]<\/a><\/p>\n<\/div>","protected":false},"author":1,"featured_media":10429,"comment_status":"open","ping_status":"closed","sticky":false,"template":"","format":"standard","meta":{"footnotes":""},"categories":[9],"tags":[1046,817],"class_list":["post-10428","post","type-post","status-publish","format-standard","has-post-thumbnail","hentry","category-politica","tag-dirceu-condenado","tag-lava-jato"],"_links":{"self":[{"href":"https:\/\/folhaderondonianews.com\/news\/wp-json\/wp\/v2\/posts\/10428","targetHints":{"allow":["GET"]}}],"collection":[{"href":"https:\/\/folhaderondonianews.com\/news\/wp-json\/wp\/v2\/posts"}],"about":[{"href":"https:\/\/folhaderondonianews.com\/news\/wp-json\/wp\/v2\/types\/post"}],"author":[{"embeddable":true,"href":"https:\/\/folhaderondonianews.com\/news\/wp-json\/wp\/v2\/users\/1"}],"replies":[{"embeddable":true,"href":"https:\/\/folhaderondonianews.com\/news\/wp-json\/wp\/v2\/comments?post=10428"}],"version-history":[{"count":0,"href":"https:\/\/folhaderondonianews.com\/news\/wp-json\/wp\/v2\/posts\/10428\/revisions"}],"wp:featuredmedia":[{"embeddable":true,"href":"https:\/\/folhaderondonianews.com\/news\/wp-json\/wp\/v2\/media\/10429"}],"wp:attachment":[{"href":"https:\/\/folhaderondonianews.com\/news\/wp-json\/wp\/v2\/media?parent=10428"}],"wp:term":[{"taxonomy":"category","embeddable":true,"href":"https:\/\/folhaderondonianews.com\/news\/wp-json\/wp\/v2\/categories?post=10428"},{"taxonomy":"post_tag","embeddable":true,"href":"https:\/\/folhaderondonianews.com\/news\/wp-json\/wp\/v2\/tags?post=10428"}],"curies":[{"name":"wp","href":"https:\/\/api.w.org\/{rel}","templated":true}]}}