{"id":10476,"date":"2016-05-23T13:08:58","date_gmt":"2016-05-23T17:08:58","guid":{"rendered":"http:\/\/folhaderondonianews.com\/news\/?p=10476"},"modified":"2016-05-23T13:08:58","modified_gmt":"2016-05-23T17:08:58","slug":"temer-vai-ao-congresso-entregar-proposta-de-meta-fiscal-revisada","status":"publish","type":"post","link":"https:\/\/folhaderondonianews.com\/news\/2016\/05\/23\/temer-vai-ao-congresso-entregar-proposta-de-meta-fiscal-revisada\/","title":{"rendered":"Temer vai ao Congresso entregar proposta de meta fiscal revisada"},"content":{"rendered":"<p><strong>Da Ag\u00eancia Brasil &#8211;\u00a0<\/strong>O presidente interino Michel Temer vai nesta segunda-feira (23) ao Congresso Nacional entregar pessoalmente a proposta da nova meta fiscal para este ano, com previs\u00e3o de d\u00e9ficit de R$ 170,5 bilh\u00f5es. O encontro com o presidente do Senado, Renan Calheiros (PMDB-AL), est\u00e1 previsto para as 16h.<\/p>\n<p>A nova proposta precisa ser aprovada at\u00e9 o final de maio, sob o risco de paralisar o funcionamento da m\u00e1quina p\u00fablica. H\u00e1 expectativa de que a vota\u00e7\u00e3o da nova meta ocorra at\u00e9 quarta-feira (25). A equipe econ\u00f4mica da presidente afastada Dilma Rousseff pediu autoriza\u00e7\u00e3o ao Congresso para um d\u00e9ficit prim\u00e1rio de R$ 96,6 bilh\u00f5es este ano.<\/p>\n<p>A decis\u00e3o de ir ao Congresso foi tomada na sexta-feira (20) por Temer na tentativa de demonstrar respeito ao Legislativo, a quem cabe votar a nova meta, e sensibilizar os parlamentares sobre a necessidade da aprova\u00e7\u00e3o de medidas econ\u00f4micas importantes para o novo governo, a come\u00e7ar pela meta fiscal.<\/p>\n<div id=\"showcase-1\">\n<div id=\"more-news\" class=\"coluna_inteira\">\n<div id=\"target-showcase-1\" class=\"two columns more-news politica\">\n<div class=\"twelve columns top\">\u00a0Para esta ter\u00e7a-feira (24), est\u00e1 prevista uma entrevista coletiva de Temer, a primeira desde que assumiu a Presid\u00eancia da Rep\u00fablica. O objetivo, segundo o Pal\u00e1cio do Planalto, \u00e9 apresentar ao pa\u00eds uma an\u00e1lise \u201crealista\u201d dos n\u00fameros que recebeu da gest\u00e3o da presidenta afastada Dilma Rousseff e fazer o an\u00fancio de medidas econ\u00f4micas.<\/div>\n<\/div>\n<\/div>\n<\/div>\n<p>Tamb\u00e9m devem participar da entrevista os ministros da Fazenda, Henrique Meirelles; do Planejamento, Romero Juc\u00e1; da Casa Civil, Eliseu Padilha; e da Secretaria de Governo, Geddel Vieira Lima.<\/p>\n","protected":false},"excerpt":{"rendered":"<div class=\"mh-excerpt\"><p>Encontro com o presidente do Senado, Renan Calheiros (PMDB-AL), est\u00e1 previsto para as 16h.<\/p>\n<\/div>","protected":false},"author":1,"featured_media":10381,"comment_status":"open","ping_status":"closed","sticky":false,"template":"","format":"standard","meta":{"footnotes":""},"categories":[9],"tags":[],"class_list":["post-10476","post","type-post","status-publish","format-standard","has-post-thumbnail","hentry","category-politica"],"_links":{"self":[{"href":"https:\/\/folhaderondonianews.com\/news\/wp-json\/wp\/v2\/posts\/10476","targetHints":{"allow":["GET"]}}],"collection":[{"href":"https:\/\/folhaderondonianews.com\/news\/wp-json\/wp\/v2\/posts"}],"about":[{"href":"https:\/\/folhaderondonianews.com\/news\/wp-json\/wp\/v2\/types\/post"}],"author":[{"embeddable":true,"href":"https:\/\/folhaderondonianews.com\/news\/wp-json\/wp\/v2\/users\/1"}],"replies":[{"embeddable":true,"href":"https:\/\/folhaderondonianews.com\/news\/wp-json\/wp\/v2\/comments?post=10476"}],"version-history":[{"count":0,"href":"https:\/\/folhaderondonianews.com\/news\/wp-json\/wp\/v2\/posts\/10476\/revisions"}],"wp:featuredmedia":[{"embeddable":true,"href":"https:\/\/folhaderondonianews.com\/news\/wp-json\/wp\/v2\/media\/10381"}],"wp:attachment":[{"href":"https:\/\/folhaderondonianews.com\/news\/wp-json\/wp\/v2\/media?parent=10476"}],"wp:term":[{"taxonomy":"category","embeddable":true,"href":"https:\/\/folhaderondonianews.com\/news\/wp-json\/wp\/v2\/categories?post=10476"},{"taxonomy":"post_tag","embeddable":true,"href":"https:\/\/folhaderondonianews.com\/news\/wp-json\/wp\/v2\/tags?post=10476"}],"curies":[{"name":"wp","href":"https:\/\/api.w.org\/{rel}","templated":true}]}}