{"id":10481,"date":"2016-05-23T18:50:18","date_gmt":"2016-05-23T22:50:18","guid":{"rendered":"http:\/\/folhaderondonianews.com\/news\/?p=10481"},"modified":"2016-05-23T18:50:18","modified_gmt":"2016-05-23T22:50:18","slug":"romero-juca-pede-licenca-do-ministerio-do-planejamento","status":"publish","type":"post","link":"https:\/\/folhaderondonianews.com\/news\/2016\/05\/23\/romero-juca-pede-licenca-do-ministerio-do-planejamento\/","title":{"rendered":"Romero Juc\u00e1 pede licen\u00e7a do Minist\u00e9rio do Planejamento"},"content":{"rendered":"<p>Da reda\u00e7\u00e3o &#8211; O ministro do Planejamento, Romero Juc\u00e1, anunciou nesta segunda-feira (23) que est\u00e1 se licenciar\u00e1 do governo do presidente interino Michel Temer, at\u00e9 que o Minist\u00e9rio P\u00fablico se pronuncie sobre a grava\u00e7\u00e3o de uma conversa sua com o ex-presidente da Transpetro S\u00e9rgio Machado. A licen\u00e7a valer\u00e1 a partir desta ter\u00e7a (24).<\/p>\n<p>O an\u00fancio ocorre no mesmo dia em que a Folha de S.Paulo divulgou grava\u00e7\u00f5es em que Juc\u00e1 fala em pacto para deter avan\u00e7o da Opera\u00e7\u00e3o Lava Jato.<\/p>\n<p>Gravados de forma oculta, os di\u00e1logos entre ex-presidente da Transpetro S\u00e9rgio Machado e Juc\u00e1 ocorreram semanas antes da vota\u00e7\u00e3o na C\u00e2mara que desencadeou o impeachment da presidente Dilma Rousseff. As conversas somam 1h15min e est\u00e3o em poder da PGR (Procuradoria-Geral da Rep\u00fablica).<\/p>\n<div id=\"showcase-1\">\n<div id=\"more-news\" class=\"coluna_inteira\">\n<div id=\"target-showcase-1\" class=\"two columns more-news politica\">\n<div class=\"twelve columns top\">No lugar do ministro licenciado entrar\u00e1 Dyogo Henrique de Oliveira, hoje secret\u00e1rio-executivo do Planejamento.<\/div>\n<\/div>\n<\/div>\n<\/div>\n<p>Em uma entrevista conturbada \u00e0 imprensa, Juc\u00e1 afirmou que seu advogado, Ant\u00f4nio Carlos de Almeida Castro, conhecido como Kakay, ir\u00e1 protocolar uma a\u00e7\u00e3o junto ao Minist\u00e9rio P\u00fablico, ainda nesta segunda, para que o \u00f3rg\u00e3o indique se houve ou n\u00e3o irregularidade ou crime na conversa.<\/p>\n<p>Para Juc\u00e1, houve &#8220;manipula\u00e7\u00e3o das informa\u00e7\u00f5es&#8221; publicadas.<\/p>\n<p>&#8220;A partir de amanh\u00e3 eu estou de licen\u00e7a. Reassumo o Senado para fazer o enfrentamento aqui at\u00e9 que o Minist\u00e9rio P\u00fablico se manifeste quanto \u00e0s condi\u00e7\u00f5es da minha fala com S\u00e9rgio Machado. Eu sou presidente nacional do PMDB, sou um dos construtores desse novo governo e n\u00e3o quero de forma nenhuma deixar que qualquer manipula\u00e7\u00e3o mal intencionada possa comprometer o governo&#8221;, disse.<\/p>\n<p>Enquanto Juc\u00e1 falava, um grupo de servidores e deputados gritava &#8220;golpista&#8221; e &#8220;ladr\u00e3o&#8221;, o que obrigou Juc\u00e1 a falar em um tom de voz alto. Ele chamou os manifestantes de &#8220;babacas&#8221;.<\/p>\n<p><strong>\u00c1UDIO<\/strong><br \/>\nA decis\u00e3o de pedir licen\u00e7a do cargo foi tomada ap\u00f3s a divulga\u00e7\u00e3o de \u00e1udio que desmentiu a vers\u00e3o inicial do ministro de que ele se referia \u00e0 situa\u00e7\u00e3o econ\u00f4mica.<\/p>\n<p>Ap\u00f3s o vazamento, Juc\u00e1 e Temer se reuniram no Pal\u00e1cio do Jaburu e, segundo a relatos de aliados, avaliaram que a situa\u00e7\u00e3o havia se tornado insustent\u00e1vel e que a licen\u00e7a seria a melhor forma de evitar que o aumento do desgaste.<\/p>\n<p>No encontro, acertaram a perman\u00eancia de Oliveira no comando da pasta, em um primeiro momento, uma vez que as solu\u00e7\u00f5es caseiras estudadas pelo peemedebista, como o deslocamento para o posto de Moreira Franco e Eliseu Padilha, enfrentaram resist\u00eancias de ambos.<\/p>\n<div class=\"twelve columns\"><\/div>\n<div id=\"showcase-2\" class=\"politica\"><\/div>\n","protected":false},"excerpt":{"rendered":"<div class=\"mh-excerpt\"><p>Em comunicado feito na tarde desta segunda-feira em Bras\u00edlia, Juc\u00e1, lembra que \u00e9 um dos construtores do novo governo e n\u00e3o quer deixar que isso prejudique o novo governo.<\/p>\n<\/div>","protected":false},"author":1,"featured_media":10482,"comment_status":"open","ping_status":"closed","sticky":false,"template":"","format":"standard","meta":{"footnotes":""},"categories":[9],"tags":[1063],"class_list":["post-10481","post","type-post","status-publish","format-standard","has-post-thumbnail","hentry","category-politica","tag-juca-renuncia-casa-civil"],"_links":{"self":[{"href":"https:\/\/folhaderondonianews.com\/news\/wp-json\/wp\/v2\/posts\/10481","targetHints":{"allow":["GET"]}}],"collection":[{"href":"https:\/\/folhaderondonianews.com\/news\/wp-json\/wp\/v2\/posts"}],"about":[{"href":"https:\/\/folhaderondonianews.com\/news\/wp-json\/wp\/v2\/types\/post"}],"author":[{"embeddable":true,"href":"https:\/\/folhaderondonianews.com\/news\/wp-json\/wp\/v2\/users\/1"}],"replies":[{"embeddable":true,"href":"https:\/\/folhaderondonianews.com\/news\/wp-json\/wp\/v2\/comments?post=10481"}],"version-history":[{"count":0,"href":"https:\/\/folhaderondonianews.com\/news\/wp-json\/wp\/v2\/posts\/10481\/revisions"}],"wp:featuredmedia":[{"embeddable":true,"href":"https:\/\/folhaderondonianews.com\/news\/wp-json\/wp\/v2\/media\/10482"}],"wp:attachment":[{"href":"https:\/\/folhaderondonianews.com\/news\/wp-json\/wp\/v2\/media?parent=10481"}],"wp:term":[{"taxonomy":"category","embeddable":true,"href":"https:\/\/folhaderondonianews.com\/news\/wp-json\/wp\/v2\/categories?post=10481"},{"taxonomy":"post_tag","embeddable":true,"href":"https:\/\/folhaderondonianews.com\/news\/wp-json\/wp\/v2\/tags?post=10481"}],"curies":[{"name":"wp","href":"https:\/\/api.w.org\/{rel}","templated":true}]}}