{"id":10484,"date":"2016-05-23T18:54:45","date_gmt":"2016-05-23T22:54:45","guid":{"rendered":"http:\/\/folhaderondonianews.com\/news\/?p=10484"},"modified":"2016-05-23T18:55:50","modified_gmt":"2016-05-23T22:55:50","slug":"temer-diz-que-juca-continuara-auxiliando-governo-fora-do-ministerio","status":"publish","type":"post","link":"https:\/\/folhaderondonianews.com\/news\/2016\/05\/23\/temer-diz-que-juca-continuara-auxiliando-governo-fora-do-ministerio\/","title":{"rendered":"Temer diz que Juc\u00e1 continuar\u00e1 auxiliando governo fora do minist\u00e9rio"},"content":{"rendered":"<p><img decoding=\"async\" class=\"size-medium wp-image-10487 alignleft lazyload\" data-src=\"https:\/\/folhaderondonianews.com\/news\/wp-content\/uploads\/2016\/05\/juc\u00e1-continua-ajudando-300x138.jpg\" alt=\"juc\u00e1 continua ajudando\" width=\"300\" height=\"138\" data-srcset=\"https:\/\/folhaderondonianews.com\/news\/wp-content\/uploads\/2016\/05\/juc\u00e1-continua-ajudando-300x138.jpg 300w, https:\/\/folhaderondonianews.com\/news\/wp-content\/uploads\/2016\/05\/juc\u00e1-continua-ajudando.jpg 576w\" data-sizes=\"(max-width: 300px) 100vw, 300px\" src=\"data:image\/svg+xml;base64,PHN2ZyB3aWR0aD0iMSIgaGVpZ2h0PSIxIiB4bWxucz0iaHR0cDovL3d3dy53My5vcmcvMjAwMC9zdmciPjwvc3ZnPg==\" style=\"--smush-placeholder-width: 300px; --smush-placeholder-aspect-ratio: 300\/138;\" \/>O presidente interino Michel Temer disse que o ex-ministro do Planejamento Romero Juc\u00e1, que pediu afastamento hoje (23), continuar\u00e1 auxiliando o governo no Congresso ap\u00f3s deixar o cargo. Juc\u00e1 \u00e9 senador pelo PMDB de Roraima.<\/p>\n<p>Em nota divulgada no come\u00e7o da noite, Temer agradeceu Juc\u00e1 pelo trabalho desempenhado no minist\u00e9rio, para o qual havia sido nomeado no \u00faltimo dia 12.<\/p>\n<p>\u201cRegistro o trabalho competente e a dedica\u00e7\u00e3o do ministro Juc\u00e1 no correto diagn\u00f3stico de nossa crise financeira e na excepcional formula\u00e7\u00e3o de medidas a serem apresentadas, brevemente, para a corre\u00e7\u00e3o do d\u00e9ficit fiscal e da retomada do crescimento da economia. Conto que Juc\u00e1 continuar\u00e1, neste per\u00edodo, auxiliando o governo federal no Congresso de forma decisiva, com sua imensa capacidade pol\u00edtica\u201d, disse o presidente interino na nota.<\/p>\n<p>Depois de 11 dias \u00e0 frente da pasta, Juc\u00e1 pediu hoje para deixar o Minist\u00e9rio do Planejamento ap\u00f3s a divulga\u00e7\u00e3o, pelo jornal <em>Folha de S.Paulo<\/em>, de uma conversa dele com o ex-presidente da Transpetro, S\u00e9rgio Machado, em que o ex-ministro sugere um \u201cpacto\u201d para tentar barrar a Opera\u00e7\u00e3o Lava Jato.<\/p>\n<p>Juc\u00e1 negou a inten\u00e7\u00e3o de obstruir as investiga\u00e7\u00f5es e disse que o pacto para \u201cconter a sangria\u201d citado na conversa se referia aos problemas econ\u00f4micos do pa\u00eds e n\u00e3o \u00e0s investiga\u00e7\u00f5es da Lava Jato.<\/p>\n","protected":false},"excerpt":{"rendered":"<div class=\"mh-excerpt\"><p>O presidente interino Michel Temer disse que o ex-ministro do Planejamento Romero Juc\u00e1, que pediu afastamento hoje (23), continuar\u00e1 auxiliando o governo no Congresso ap\u00f3s <a class=\"mh-excerpt-more\" href=\"https:\/\/folhaderondonianews.com\/news\/2016\/05\/23\/temer-diz-que-juca-continuara-auxiliando-governo-fora-do-ministerio\/\" title=\"Temer diz que Juc\u00e1 continuar\u00e1 auxiliando governo fora do minist\u00e9rio\">[&#8230;]<\/a><\/p>\n<\/div>","protected":false},"author":1,"featured_media":10485,"comment_status":"open","ping_status":"closed","sticky":false,"template":"","format":"standard","meta":{"footnotes":""},"categories":[9],"tags":[1061,1064,634],"class_list":["post-10484","post","type-post","status-publish","format-standard","has-post-thumbnail","hentry","category-politica","tag-juca","tag-licenca","tag-temer"],"_links":{"self":[{"href":"https:\/\/folhaderondonianews.com\/news\/wp-json\/wp\/v2\/posts\/10484","targetHints":{"allow":["GET"]}}],"collection":[{"href":"https:\/\/folhaderondonianews.com\/news\/wp-json\/wp\/v2\/posts"}],"about":[{"href":"https:\/\/folhaderondonianews.com\/news\/wp-json\/wp\/v2\/types\/post"}],"author":[{"embeddable":true,"href":"https:\/\/folhaderondonianews.com\/news\/wp-json\/wp\/v2\/users\/1"}],"replies":[{"embeddable":true,"href":"https:\/\/folhaderondonianews.com\/news\/wp-json\/wp\/v2\/comments?post=10484"}],"version-history":[{"count":0,"href":"https:\/\/folhaderondonianews.com\/news\/wp-json\/wp\/v2\/posts\/10484\/revisions"}],"wp:featuredmedia":[{"embeddable":true,"href":"https:\/\/folhaderondonianews.com\/news\/wp-json\/wp\/v2\/media\/10485"}],"wp:attachment":[{"href":"https:\/\/folhaderondonianews.com\/news\/wp-json\/wp\/v2\/media?parent=10484"}],"wp:term":[{"taxonomy":"category","embeddable":true,"href":"https:\/\/folhaderondonianews.com\/news\/wp-json\/wp\/v2\/categories?post=10484"},{"taxonomy":"post_tag","embeddable":true,"href":"https:\/\/folhaderondonianews.com\/news\/wp-json\/wp\/v2\/tags?post=10484"}],"curies":[{"name":"wp","href":"https:\/\/api.w.org\/{rel}","templated":true}]}}