{"id":10489,"date":"2016-05-23T19:01:58","date_gmt":"2016-05-23T23:01:58","guid":{"rendered":"http:\/\/folhaderondonianews.com\/news\/?p=10489"},"modified":"2016-05-23T19:01:58","modified_gmt":"2016-05-23T23:01:58","slug":"licenca-de-juca-agrada-aliados-na-camara-oposicao-critica","status":"publish","type":"post","link":"https:\/\/folhaderondonianews.com\/news\/2016\/05\/23\/licenca-de-juca-agrada-aliados-na-camara-oposicao-critica\/","title":{"rendered":"Licen\u00e7a de Juc\u00e1 agrada aliados na C\u00e2mara; oposi\u00e7\u00e3o critica"},"content":{"rendered":"<p>O pedido de licen\u00e7a do senador Romero Juc\u00e1 (PMDB-RR) do Minist\u00e9rio do Planejamento, no final da tarde de hoje (23), em fun\u00e7\u00e3o das den\u00fancias contra ele, agradou l\u00edderes aliados do governo do presidente interino Michel Temer. Antes da decis\u00e3o de Juc\u00e1, os l\u00edderes diziam que estavam se sentindo desconfort\u00e1veis com a situa\u00e7\u00e3o do governo de ter entre os seus ministros investigados pela Opera\u00e7\u00e3o Lava Jato.<\/p>\n<p>Enquanto os l\u00edderes falavam no Sal\u00e3o Verde da C\u00e2mara sobre as den\u00fancias envolvendo o ent\u00e3o ministro do Planejamento, que se encontrava no Senado junto com o presidente interino da Rep\u00fablica, chegou a not\u00edcia de que o pr\u00f3prio Juc\u00e1 anunciava sua licen\u00e7a do minist\u00e9rio. Os l\u00edderes mudaram o discurso e passaram a elogiar a atitude de Romero Juc\u00e1 e a rapidez na decis\u00e3o do afastamento.<\/p>\n<p>\u201cDecis\u00e3o acertad\u00edssima. Decis\u00e3o esperada por todos n\u00f3s. Ele (Juc\u00e1) ter\u00e1 agora a oportunidade de se dirigir \u00e0 Procuradoria-Geral da Rep\u00fablica (PGR), tomar conhecimento dos fatos e se defender\u201d, disse o l\u00edder do PSDB, deputado Antonio Imbassahy (BA). Segundo o l\u00edder, se Juc\u00e1 provar que n\u00e3o tem nenhum tipo de culpa nesses epis\u00f3dios todos, ele \u201cfica em situa\u00e7\u00e3o muito melhor\u201d.<\/p>\n<p>Se posicionando contra Juc\u00e1 ter assumido cargo no novo governo, o l\u00edder do PPS, deputado Rubens Bueno (PR), elogiou a licen\u00e7a do ministro do cargo. \u201cO pedido de licen\u00e7a, neste momento, do cargo, apesar do desgaste que j\u00e1 causou ao governo, \u00e9 um ato merit\u00f3rio daqueles que querem contribuir para o bem do pa\u00eds, porque ele [Juc\u00e1] no governo, a crise est\u00e1 dentro do governo, saindo do governo, a crise est\u00e1 com ele e a\u00ed ele vai se defender daquilo que est\u00e1 sendo acusado\u201d, disse.<\/p>\n<p>Para Bueno, \u00e9 insustent\u00e1vel para um ministro permanecer no cargo com acusa\u00e7\u00f5es da Lava Jato, que est\u00e1 sendo aplaudida por milh\u00f5es de brasileiros.\u00a0 \u201cNingu\u00e9m consegue, de forma alguma, ficar de p\u00e9 num cargo de governo com den\u00fancias da Lava Jato. Todos aqueles que tiverem investiga\u00e7\u00f5es da opera\u00e7\u00e3o devem ser afastados\u201d, prop\u00f4s o l\u00edder.<\/p>\n<p><strong>Oposi\u00e7\u00e3o<\/strong><\/p>\n<p>O deputado Silvio Costa (PTdoB-PE), ex-vice-l\u00edder do governo da presidenta afastada Dilma Rousseff, ironizou o pedido de licen\u00e7a de Romero Juc\u00e1 do minist\u00e9rio.\u00a0 \u201cIsso \u00e9 balela, isso n\u00e3o existe, \u00e9 uma coisa inusitada. O regimento n\u00e3o permite pedir licen\u00e7a. Ele n\u00e3o pode ser senador e ministro licenciado ao mesmo tempo, ou seja, isso \u00e9 uma figura, uma engenharia regimental que ele arranjou. Ou ele \u00e9 ministro ou \u00e9 senador. Ent\u00e3o ele n\u00e3o teve coragem de dizer &#8216;estou pedindo demiss\u00e3o&#8217; e arranjou essa palavra &#8216;estou licenciado&#8217;\u201d, disse.<\/p>\n","protected":false},"excerpt":{"rendered":"<div class=\"mh-excerpt\"><p>O pedido de licen\u00e7a do senador Romero Juc\u00e1 (PMDB-RR) do Minist\u00e9rio do Planejamento, no final da tarde de hoje (23), em fun\u00e7\u00e3o das den\u00fancias contra <a class=\"mh-excerpt-more\" href=\"https:\/\/folhaderondonianews.com\/news\/2016\/05\/23\/licenca-de-juca-agrada-aliados-na-camara-oposicao-critica\/\" title=\"Licen\u00e7a de Juc\u00e1 agrada aliados na C\u00e2mara; oposi\u00e7\u00e3o critica\">[&#8230;]<\/a><\/p>\n<\/div>","protected":false},"author":1,"featured_media":10490,"comment_status":"open","ping_status":"closed","sticky":false,"template":"","format":"standard","meta":{"footnotes":""},"categories":[9],"tags":[],"class_list":["post-10489","post","type-post","status-publish","format-standard","has-post-thumbnail","hentry","category-politica"],"_links":{"self":[{"href":"https:\/\/folhaderondonianews.com\/news\/wp-json\/wp\/v2\/posts\/10489","targetHints":{"allow":["GET"]}}],"collection":[{"href":"https:\/\/folhaderondonianews.com\/news\/wp-json\/wp\/v2\/posts"}],"about":[{"href":"https:\/\/folhaderondonianews.com\/news\/wp-json\/wp\/v2\/types\/post"}],"author":[{"embeddable":true,"href":"https:\/\/folhaderondonianews.com\/news\/wp-json\/wp\/v2\/users\/1"}],"replies":[{"embeddable":true,"href":"https:\/\/folhaderondonianews.com\/news\/wp-json\/wp\/v2\/comments?post=10489"}],"version-history":[{"count":0,"href":"https:\/\/folhaderondonianews.com\/news\/wp-json\/wp\/v2\/posts\/10489\/revisions"}],"wp:featuredmedia":[{"embeddable":true,"href":"https:\/\/folhaderondonianews.com\/news\/wp-json\/wp\/v2\/media\/10490"}],"wp:attachment":[{"href":"https:\/\/folhaderondonianews.com\/news\/wp-json\/wp\/v2\/media?parent=10489"}],"wp:term":[{"taxonomy":"category","embeddable":true,"href":"https:\/\/folhaderondonianews.com\/news\/wp-json\/wp\/v2\/categories?post=10489"},{"taxonomy":"post_tag","embeddable":true,"href":"https:\/\/folhaderondonianews.com\/news\/wp-json\/wp\/v2\/tags?post=10489"}],"curies":[{"name":"wp","href":"https:\/\/api.w.org\/{rel}","templated":true}]}}