{"id":10492,"date":"2016-05-23T19:06:58","date_gmt":"2016-05-23T23:06:58","guid":{"rendered":"http:\/\/folhaderondonianews.com\/news\/?p=10492"},"modified":"2016-05-23T19:06:58","modified_gmt":"2016-05-23T23:06:58","slug":"maurao-indica-ao-der-a-sinalizacao-da-rodovia-do-cafe-em-cacoal","status":"publish","type":"post","link":"https:\/\/folhaderondonianews.com\/news\/2016\/05\/23\/maurao-indica-ao-der-a-sinalizacao-da-rodovia-do-cafe-em-cacoal\/","title":{"rendered":"Maur\u00e3o indica ao DER a sinaliza\u00e7\u00e3o da Rodovia do Caf\u00e9, em Cacoal"},"content":{"rendered":"<p>A sinaliza\u00e7\u00e3o de todo o trecho da RO-486, conhecida como Rodovia do Caf\u00e9, em Cacoal, foi indicada ao Departamento de Estradas de Rodagens (DER), pelo presidente da Assembleia Legislativa, Maur\u00e3o de Carvalho (PMDB). A indica\u00e7\u00e3o atende ao pedido do vereador Claudemar Littig, o M\u00e3o (PDT).<\/p>\n<p>&nbsp;<\/p>\n<p>\u201cH\u00e1 uma necessidade de instala\u00e7\u00e3o da sinaliza\u00e7\u00e3o; com \u00eanfase na regulamenta\u00e7\u00e3o, advert\u00eancia, indica\u00e7\u00e3o, educativas e auxiliares. Hoje, n\u00e3o h\u00e1 nenhuma indica\u00e7\u00e3o e o risco de acidentes \u00e9 grande\u201d, explicou Maur\u00e3o.<\/p>\n<p>&nbsp;<\/p>\n<p>O parlamentar pede que o DER contrate uma empresa ou execute, atrav\u00e9s da administra\u00e7\u00e3o direta, a pintura das faixas rodovi\u00e1rias e instala\u00e7\u00e3o de placas.<\/p>\n<p>&nbsp;<\/p>\n<p>\u201cA sinaliza\u00e7\u00e3o d\u00e1 mais seguran\u00e7a a quem trafega pela rodovia, que interliga uma regi\u00e3o com muita for\u00e7a na agropecu\u00e1ria\u201d, completou o parlamentar.<\/p>\n","protected":false},"excerpt":{"rendered":"<div class=\"mh-excerpt\"><p>A sinaliza\u00e7\u00e3o de todo o trecho da RO-486, conhecida como Rodovia do Caf\u00e9, em Cacoal, foi indicada ao Departamento de Estradas de Rodagens (DER), pelo <a class=\"mh-excerpt-more\" href=\"https:\/\/folhaderondonianews.com\/news\/2016\/05\/23\/maurao-indica-ao-der-a-sinalizacao-da-rodovia-do-cafe-em-cacoal\/\" title=\"Maur\u00e3o indica ao DER a sinaliza\u00e7\u00e3o da Rodovia do Caf\u00e9, em Cacoal\">[&#8230;]<\/a><\/p>\n<\/div>","protected":false},"author":1,"featured_media":10493,"comment_status":"open","ping_status":"closed","sticky":false,"template":"","format":"standard","meta":{"footnotes":""},"categories":[9],"tags":[1065,180,1066,42],"class_list":["post-10492","post","type-post","status-publish","format-standard","has-post-thumbnail","hentry","category-politica","tag-der","tag-maurao","tag-rodovia-do-cafe","tag-rondonia"],"_links":{"self":[{"href":"https:\/\/folhaderondonianews.com\/news\/wp-json\/wp\/v2\/posts\/10492","targetHints":{"allow":["GET"]}}],"collection":[{"href":"https:\/\/folhaderondonianews.com\/news\/wp-json\/wp\/v2\/posts"}],"about":[{"href":"https:\/\/folhaderondonianews.com\/news\/wp-json\/wp\/v2\/types\/post"}],"author":[{"embeddable":true,"href":"https:\/\/folhaderondonianews.com\/news\/wp-json\/wp\/v2\/users\/1"}],"replies":[{"embeddable":true,"href":"https:\/\/folhaderondonianews.com\/news\/wp-json\/wp\/v2\/comments?post=10492"}],"version-history":[{"count":0,"href":"https:\/\/folhaderondonianews.com\/news\/wp-json\/wp\/v2\/posts\/10492\/revisions"}],"wp:featuredmedia":[{"embeddable":true,"href":"https:\/\/folhaderondonianews.com\/news\/wp-json\/wp\/v2\/media\/10493"}],"wp:attachment":[{"href":"https:\/\/folhaderondonianews.com\/news\/wp-json\/wp\/v2\/media?parent=10492"}],"wp:term":[{"taxonomy":"category","embeddable":true,"href":"https:\/\/folhaderondonianews.com\/news\/wp-json\/wp\/v2\/categories?post=10492"},{"taxonomy":"post_tag","embeddable":true,"href":"https:\/\/folhaderondonianews.com\/news\/wp-json\/wp\/v2\/tags?post=10492"}],"curies":[{"name":"wp","href":"https:\/\/api.w.org\/{rel}","templated":true}]}}