{"id":10578,"date":"2016-05-31T09:03:23","date_gmt":"2016-05-31T13:03:23","guid":{"rendered":"http:\/\/folhaderondonianews.com\/news\/?p=10578"},"modified":"2016-05-31T09:03:23","modified_gmt":"2016-05-31T13:03:23","slug":"odebrecht-oficializa-delacao-premiada-e-vai-detalhar-doacoes","status":"publish","type":"post","link":"https:\/\/folhaderondonianews.com\/news\/2016\/05\/31\/odebrecht-oficializa-delacao-premiada-e-vai-detalhar-doacoes\/","title":{"rendered":"Odebrecht oficializa dela\u00e7\u00e3o premiada e vai detalhar doa\u00e7\u00f5es"},"content":{"rendered":"<p><span style=\"color: #003300;\">A <strong>Odebrecht<\/strong> e o Minist\u00e9rio P\u00fablico Federal formalizaram a negocia\u00e7\u00e3o de <strong>dela\u00e7\u00e3o premiada<\/strong> e leni\u00eancia no \u00e2mbito da Lava Jato. A informa\u00e7\u00e3o foi divulgada nesta ter\u00e7a-feira (31) pela colunista M\u00f4nica Bergamo, da &#8220;Folha de S.Paulo&#8221;.<\/span><\/p>\n<p><span style=\"color: #003300;\">Segundo a colunista, com a assinatura do documento, na \u00faltima quarta-feira, as conversas que vinham ocorrendo h\u00e1 meses se tornaram oficiais e at\u00e9 mesmo Em\u00edlio <strong>Odebrecht<\/strong>, ex-presidente da empresa e pai de <strong>Marcelo Odebrech<\/strong>t, que est\u00e1 preso, ser\u00e1 convocado para dar informa\u00e7\u00f5es. O n\u00famero de executivos a dep\u00f4r pode chegar a 50.<\/span><\/p>\n<p><span style=\"color: #003300;\">A empreiteira se compromete a detalhar o financiamento de todas as campanhas eleitorais, incluindo as de Dilma Rousseff (PT), Michel Temer (PMDB) e A\u00e9cio Neves (PSDB).\u00a0<\/span><\/p>\n<div id=\"showcase-1\"><span style=\"color: #003300;\">\u00a0<\/span><\/div>\n<p><span style=\"color: #003300;\"><strong>Planilhas da Odebrecht<\/strong><\/span><\/p>\n<p><span style=\"color: #003300;\">Planilhas apreendidas pela Pol\u00edcia Federal na casa de um ex-executivo da <strong>Odebrecht<\/strong>, em fevereiro deste ano, listam poss\u00edveis repasses a pelo menos 316 pol\u00edticos de 24 partidos.<\/span><\/p>\n<p><span style=\"color: #003300;\">Os repasses foram feitos nas campanhas municipais de 2012 e para a elei\u00e7\u00e3o de 2014. N\u00e3o \u00e9 poss\u00edvel, contudo, dizer com certeza a que se referem os valores, nem se foram efetivamente repassados. Pode ser doa\u00e7\u00e3o legal, caixa dois, ou propina.<\/span><\/p>\n<p><span style=\"color: #003300;\">O material foi apreendido com o ent\u00e3o presidente da <strong>Odebrecht<\/strong> Infraestrutura, Benedicto Barbosa Silva J\u00fanior, no Rio, durante a fase Acaraj\u00e9 da Lava Jato. Os documentos se tornaram p\u00fablicos em 22 de mar\u00e7o e, j\u00e1 no dia seguinte, o juiz Sergio Moro decidiu colocar sob sigilo o inqu\u00e9rito.<\/span><\/p>\n<p><span style=\"color: #003300;\">Entre os nomes que constam na lista est\u00e3o o de Jaques Wagner (PT), homem forte do governo Dilma, e dos tucanos A\u00e9cio Neves (presidente do PSDB e senador por Minas) e Jos\u00e9 Serra (atual ministro de Rela\u00e7\u00f5es Exteriores de Michel Temer). Tamb\u00e9m s\u00e3o citados os peemedebistas Eduardo Cunha, Renan Calheiros e Jos\u00e9 Sarney.<\/span><\/p>\n<p><strong>Veja a lista de apelidos dados em planilhas da Odebrechet<\/strong><\/p>\n<div>Manuela D&#8217;Avila (PCdoB-RS) &#8211; Avi\u00e3o<\/div>\n<div>Marcelo Nilo (PDT-BA) &#8211; Rio<\/div>\n<div>Edvaldo Brito (PTB-BA) &#8211; Candombl\u00e9<\/div>\n<div>Daniel Almeida (PCdoB-BA) &#8211; Comuna<\/div>\n<div>Paulo Magalh\u00e3es (PSC-BA) &#8211; Goleiro<\/div>\n<div>Raul Jungmann (PPS-PE) &#8211; Bruto<\/div>\n<div>Geraldo J\u00falio (PSB-PE) &#8211; Neto<\/div>\n<div>Etore Labanca (PSB-PE) &#8211; Cacique<\/div>\n<div>Fabio Branco (PMDB-RS) &#8211; Colorido<\/div>\n<div>M\u00e1rio Kertesz (PMDB-BA) &#8211; Roberval<\/div>\n<div>Artur Maia (PMDB-BA) &#8211; Tuca<\/div>\n<div>Jarbas Vasconcelos Filho (PMDB-PE) &#8211; Viagra<\/div>\n<div>Renan Calheiros (PMDB-AL) &#8211; Atleta<\/div>\n<div>Jos\u00e9 Sarney (PMDB-MA) &#8211; Escritor<\/div>\n<div>Eduardo Paes (PMDB-RJ) &#8211; Nervosinho<\/div>\n<div>Sergio Cabral (PMDB-RJ) &#8211; Proximus<\/div>\n<div>Eduardo Cunha (PMDB-RJ) &#8211; Caranguejo<\/div>\n<div>Jorge Picciani (PMDB-RJ) &#8211; Grego<\/div>\n<div>Ad\u00e3o Villaverde (PT-RS) &#8211; Eva<\/div>\n<div>Carlos Todeschini (PT-RS) &#8211; Alem\u00e3o<\/div>\n<div>Tarc\u00edsio Zimmermann (PT-RS) &#8211; Irm\u00e3o<\/div>\n<div>Jairo Jorge (PT-RS) &#8211; Nordeste<\/div>\n<div>Nelson Pelegrino (PT-BA) &#8211; Pel\u00e9<\/div>\n<div>Humberto Costa (PT-PE) &#8211; Dr\u00e1cula<\/div>\n<div>Pedro Eug\u00eanio (PT-PE) &#8211; Droeu<\/div>\n<div>Paulo Garcia (PT-GO) &#8211; Pastor<\/div>\n<div>Lindberg Farias (PT-RJ) &#8211; Lindinho<\/div>\n","protected":false},"excerpt":{"rendered":"<div class=\"mh-excerpt\"><p>Empreiteira se compromete a detalhar o financiamento de todas as campanhas eleitorais, incluindo as de Dilma Rousseff (PT), Michel Temer (PMDB) e A\u00e9cio Neves (PSDB).<\/p>\n<\/div>","protected":false},"author":1,"featured_media":10579,"comment_status":"open","ping_status":"closed","sticky":false,"template":"","format":"standard","meta":{"footnotes":""},"categories":[9],"tags":[512,974],"class_list":["post-10578","post","type-post","status-publish","format-standard","has-post-thumbnail","hentry","category-politica","tag-delacao-premiada","tag-marcelo-odebrecht"],"_links":{"self":[{"href":"https:\/\/folhaderondonianews.com\/news\/wp-json\/wp\/v2\/posts\/10578","targetHints":{"allow":["GET"]}}],"collection":[{"href":"https:\/\/folhaderondonianews.com\/news\/wp-json\/wp\/v2\/posts"}],"about":[{"href":"https:\/\/folhaderondonianews.com\/news\/wp-json\/wp\/v2\/types\/post"}],"author":[{"embeddable":true,"href":"https:\/\/folhaderondonianews.com\/news\/wp-json\/wp\/v2\/users\/1"}],"replies":[{"embeddable":true,"href":"https:\/\/folhaderondonianews.com\/news\/wp-json\/wp\/v2\/comments?post=10578"}],"version-history":[{"count":0,"href":"https:\/\/folhaderondonianews.com\/news\/wp-json\/wp\/v2\/posts\/10578\/revisions"}],"wp:featuredmedia":[{"embeddable":true,"href":"https:\/\/folhaderondonianews.com\/news\/wp-json\/wp\/v2\/media\/10579"}],"wp:attachment":[{"href":"https:\/\/folhaderondonianews.com\/news\/wp-json\/wp\/v2\/media?parent=10578"}],"wp:term":[{"taxonomy":"category","embeddable":true,"href":"https:\/\/folhaderondonianews.com\/news\/wp-json\/wp\/v2\/categories?post=10578"},{"taxonomy":"post_tag","embeddable":true,"href":"https:\/\/folhaderondonianews.com\/news\/wp-json\/wp\/v2\/tags?post=10578"}],"curies":[{"name":"wp","href":"https:\/\/api.w.org\/{rel}","templated":true}]}}