{"id":10981,"date":"2016-06-29T08:49:28","date_gmt":"2016-06-29T12:49:28","guid":{"rendered":"http:\/\/folhaderondonianews.com\/news\/?p=10981"},"modified":"2016-06-29T08:49:28","modified_gmt":"2016-06-29T12:49:28","slug":"advogado-armando-reigota-assume-vaga-no-tre-ro","status":"publish","type":"post","link":"https:\/\/folhaderondonianews.com\/news\/2016\/06\/29\/advogado-armando-reigota-assume-vaga-no-tre-ro\/","title":{"rendered":"Advogado Armando Reigota assume vaga no TRE-RO"},"content":{"rendered":"<p>O advogado Armando Reigota Ferreira Filho assumiu na sess\u00e3o desta ter\u00e7a (28.06.2016) a vaga deixada com o fim do mandato do advogado Delson Fernando. O juiz Armando Reigota \u00e9 suplente de uma das vagas na Corte destinada aos advogados, mas devido a vac\u00e2ncia da cadeira pelo t\u00e9rmino do bi\u00eanio do titular, ficar\u00e1 no exerc\u00edcio da titularidade at\u00e9 nomea\u00e7\u00e3o de membro pela classe dos advogados.<br \/>\nO juiz Juacy Loura Junior, que igualmente \u00e9 advogado, deu boas vindas ao mais novo integrante da Corte Eleitoral, desejando um prof\u00edcuo trabalho na magistratura eleitoral. Os demais membros da Corte e o Procurador Regional Eleitoral Dr Leonardo Sampaio tamb\u00e9m saudaram o Juiz Reigota, desejando-lhe sucesso.<br \/>\nAp\u00f3s a sess\u00e3o o Presidente do IDERO advogado Manoel Verissimo saudou o novo membro da Corte pela advocacia.<br \/>\nNa sess\u00e3o, o Juiz Reigota Filho relatou dois processos. Com a chegada do Magistrado, a Corte dar\u00e1 continuidade aos trabalhos de julgamento de processos, visando analisar os recursos das elei\u00e7\u00f5es 2016.<br \/>\nFonte: Instituto de Direito Eleitoral do Estado de Rond\u00f4nia &#8211; IDERO.<\/p>\n","protected":false},"excerpt":{"rendered":"<div class=\"mh-excerpt\"><p>O advogado Armando Reigota Ferreira Filho assumiu na sess\u00e3o desta ter\u00e7a (28.06.2016) a vaga deixada com o fim do mandato do advogado Delson Fernando. O <a class=\"mh-excerpt-more\" href=\"https:\/\/folhaderondonianews.com\/news\/2016\/06\/29\/advogado-armando-reigota-assume-vaga-no-tre-ro\/\" title=\"Advogado Armando Reigota assume vaga no TRE-RO\">[&#8230;]<\/a><\/p>\n<\/div>","protected":false},"author":1,"featured_media":10982,"comment_status":"open","ping_status":"closed","sticky":false,"template":"","format":"standard","meta":{"footnotes":""},"categories":[9],"tags":[1209],"class_list":["post-10981","post","type-post","status-publish","format-standard","has-post-thumbnail","hentry","category-politica","tag-armandoreigotafilho"],"_links":{"self":[{"href":"https:\/\/folhaderondonianews.com\/news\/wp-json\/wp\/v2\/posts\/10981","targetHints":{"allow":["GET"]}}],"collection":[{"href":"https:\/\/folhaderondonianews.com\/news\/wp-json\/wp\/v2\/posts"}],"about":[{"href":"https:\/\/folhaderondonianews.com\/news\/wp-json\/wp\/v2\/types\/post"}],"author":[{"embeddable":true,"href":"https:\/\/folhaderondonianews.com\/news\/wp-json\/wp\/v2\/users\/1"}],"replies":[{"embeddable":true,"href":"https:\/\/folhaderondonianews.com\/news\/wp-json\/wp\/v2\/comments?post=10981"}],"version-history":[{"count":0,"href":"https:\/\/folhaderondonianews.com\/news\/wp-json\/wp\/v2\/posts\/10981\/revisions"}],"wp:featuredmedia":[{"embeddable":true,"href":"https:\/\/folhaderondonianews.com\/news\/wp-json\/wp\/v2\/media\/10982"}],"wp:attachment":[{"href":"https:\/\/folhaderondonianews.com\/news\/wp-json\/wp\/v2\/media?parent=10981"}],"wp:term":[{"taxonomy":"category","embeddable":true,"href":"https:\/\/folhaderondonianews.com\/news\/wp-json\/wp\/v2\/categories?post=10981"},{"taxonomy":"post_tag","embeddable":true,"href":"https:\/\/folhaderondonianews.com\/news\/wp-json\/wp\/v2\/tags?post=10981"}],"curies":[{"name":"wp","href":"https:\/\/api.w.org\/{rel}","templated":true}]}}