{"id":11042,"date":"2016-07-12T15:55:18","date_gmt":"2016-07-12T19:55:18","guid":{"rendered":"http:\/\/folhaderondonianews.com\/news\/?p=11042"},"modified":"2016-07-12T15:55:18","modified_gmt":"2016-07-12T19:55:18","slug":"renan-sofre-derrota-e-proposta-sobre-abuso-de-autoridade-e-adiada","status":"publish","type":"post","link":"https:\/\/folhaderondonianews.com\/news\/2016\/07\/12\/renan-sofre-derrota-e-proposta-sobre-abuso-de-autoridade-e-adiada\/","title":{"rendered":"Renan sofre derrota e proposta sobre abuso de autoridade \u00e9 adiada"},"content":{"rendered":"<p>Folha Press &#8211; Contr\u00e1rio a uma an\u00e1lise acelerada do projeto sobre abuso de autoridade, o senador Romero Juc\u00e1 (PMDB-RR) conseguiu adiar a vota\u00e7\u00e3o da proposta para o segundo semestre deste ano. O presidente do Senado, Renan Calheiros (PMDB-AL), queria que a mat\u00e9ria fosse votada nesta semana.<\/p>\n<p>Na reuni\u00e3o da Comiss\u00e3o de Consolida\u00e7\u00e3o da Legisla\u00e7\u00e3o Federal e Regulamenta\u00e7\u00e3o da Constitui\u00e7\u00e3o desta ter\u00e7a (12), Juc\u00e1 prop\u00f4s aos integrantes do colegiado que a mat\u00e9ria fosse votada amanh\u00e3, para que eles tivessem tempo de analisar o relat\u00f3rio e decidir sobre o tema.<\/p>\n<p>Os senadores, no entanto, protestaram sobre o curto prazo e, ap\u00f3s os apelos dos colegas, Juc\u00e1 anunciou que a pr\u00f3xima reuni\u00e3o da comiss\u00e3o para tratar do tema ocorrer\u00e1 em 16 de agosto. Ele tamb\u00e9m n\u00e3o descartou a realiza\u00e7\u00e3o de audi\u00eancias p\u00fablicas e at\u00e9 a possibilidade de a proposta ser enviada para outras comiss\u00f5es. Se for aprovado pelas comiss\u00f5es, o projeto tamb\u00e9m ter\u00e1 que ser analisado pelo plen\u00e1rio da Casa.<\/p>\n<div id=\"showcase-1\"><\/div>\n<p>&#8220;\u00c9 claro que \u00e9 um projeto que precisa ser discutido sim, mas considero que esta n\u00e3o \u00e9 a melhor forma. Precisamos ter tempo para discuti-lo, para analisar, ouvir as entidades envolvidas, analisar na Comiss\u00e3o de Constitui\u00e7\u00e3o e Justi\u00e7a. N\u00e3o acho razo\u00e1vel que de hoje para amanh\u00e3 n\u00f3s sejamos obrigados a formar uma opini\u00e3o sobre isso&#8221;, afirmou Ricardo Ferra\u00e7o (PSDB-ES).<\/p>\n<p>&#8220;Ningu\u00e9m tem d\u00favida sobre a necessidade de aperfei\u00e7oamento dessa lei, mas o problema \u00e9 a complexidade do momento em que vamos votar essa mat\u00e9ria. N\u00e3o pode ser feito com a\u00e7odamento&#8221;, endossou a senadora Simone Tebet (PMDB-MS).<\/p>\n<p>Durante a discuss\u00e3o, ela rebateu a tese apontada por algumas entidades de que o fato de o projeto ter sido reapresentado neste momento visa atrapalhar as investiga\u00e7\u00f5es da opera\u00e7\u00e3o Lava Jato e a intimida\u00e7\u00e3o de ju\u00edzes, procuradores e magistrados.<\/p>\n<p>&#8220;N\u00e3o temos nenhuma inten\u00e7\u00e3o de barrar a Lava Jato mas at\u00e9 para mostrarmos que esse n\u00e3o \u00e9 o objetivo, \u00e9 preciso que seja discutido em outras comiss\u00f5es, que passe por uma peneira, mesmo que se estabele\u00e7a um prazo para isso&#8221;, disse.<\/p>\n<p>O adiamento da vota\u00e7\u00e3o \u00e9 uma das derrotas sofridas por Renan nos \u00faltimos dias ao tentar emplacar uma pauta priorit\u00e1ria para o Senado. O problema apontado por l\u00edderes partid\u00e1rios foi a falta de di\u00e1logo do peemedebista com os demais senadores para definir o pacote. Eles reclamaram que n\u00e3o foram ouvidos.<\/p>\n<p>Na semana passada, os dois projetos elencados por Renan para serem votados n\u00e3o tiveram acordo e suas an\u00e1lises ficaram para esta semana. Para tentar apaziguar os \u00e2nimos, o presidente do Senado convocou uma reuni\u00e3o entre os l\u00edderes na tarde de hoje.<\/p>\n<div class=\"twelve columns\"><\/div>\n<div id=\"showcase-2\" class=\"politica\"><\/div>\n","protected":false},"excerpt":{"rendered":"<div class=\"mh-excerpt\"><p>Contr\u00e1rio a uma an\u00e1lise acelerada do projeto sobre abuso de autoridade, o senador Romero Juc\u00e1 (PMDB-RR) conseguiu adiar a vota\u00e7\u00e3o da proposta para o segundo semestre deste ano.<\/p>\n<\/div>","protected":false},"author":1,"featured_media":11044,"comment_status":"open","ping_status":"closed","sticky":false,"template":"","format":"standard","meta":{"footnotes":""},"categories":[9],"tags":[],"class_list":["post-11042","post","type-post","status-publish","format-standard","has-post-thumbnail","hentry","category-politica"],"_links":{"self":[{"href":"https:\/\/folhaderondonianews.com\/news\/wp-json\/wp\/v2\/posts\/11042","targetHints":{"allow":["GET"]}}],"collection":[{"href":"https:\/\/folhaderondonianews.com\/news\/wp-json\/wp\/v2\/posts"}],"about":[{"href":"https:\/\/folhaderondonianews.com\/news\/wp-json\/wp\/v2\/types\/post"}],"author":[{"embeddable":true,"href":"https:\/\/folhaderondonianews.com\/news\/wp-json\/wp\/v2\/users\/1"}],"replies":[{"embeddable":true,"href":"https:\/\/folhaderondonianews.com\/news\/wp-json\/wp\/v2\/comments?post=11042"}],"version-history":[{"count":0,"href":"https:\/\/folhaderondonianews.com\/news\/wp-json\/wp\/v2\/posts\/11042\/revisions"}],"wp:featuredmedia":[{"embeddable":true,"href":"https:\/\/folhaderondonianews.com\/news\/wp-json\/wp\/v2\/media\/11044"}],"wp:attachment":[{"href":"https:\/\/folhaderondonianews.com\/news\/wp-json\/wp\/v2\/media?parent=11042"}],"wp:term":[{"taxonomy":"category","embeddable":true,"href":"https:\/\/folhaderondonianews.com\/news\/wp-json\/wp\/v2\/categories?post=11042"},{"taxonomy":"post_tag","embeddable":true,"href":"https:\/\/folhaderondonianews.com\/news\/wp-json\/wp\/v2\/tags?post=11042"}],"curies":[{"name":"wp","href":"https:\/\/api.w.org\/{rel}","templated":true}]}}