{"id":11177,"date":"2016-08-10T07:11:26","date_gmt":"2016-08-10T11:11:26","guid":{"rendered":"http:\/\/folhaderondonianews.com\/news\/?p=11177"},"modified":"2016-08-10T07:11:26","modified_gmt":"2016-08-10T11:11:26","slug":"raupp-vota-favoravel-a-pronuncia-de-dilma-e-afirma-que-economia-da-sinais-de-crescimento-no-governo-temer","status":"publish","type":"post","link":"https:\/\/folhaderondonianews.com\/news\/2016\/08\/10\/raupp-vota-favoravel-a-pronuncia-de-dilma-e-afirma-que-economia-da-sinais-de-crescimento-no-governo-temer\/","title":{"rendered":"Raupp vota favor\u00e1vel a pron\u00fancia de Dilma e afirma que economia d\u00e1 sinais de crescimento no Governo Temer"},"content":{"rendered":"<p>(Bras\u00edlia, 09\/08\/16 &#8211; Ribamar Ara\u00fajo) O senador Valdir Raupp(RO) em discurso nesta ter\u00e7a-feira, dia 09\/08, afirmou que \u00e9 a favor da pron\u00fancia da presidente afastada Dilma Rousseff e que a economia brasileira d\u00e1 sinais de crescimento no governo do presidente em exerc\u00edcio Michel Temer.<\/p>\n<p>O senador elogiou o relat\u00f3rio apresentada pelo senador Ant\u00f4nio Anastasia(PSDB-MG), que na sua opini\u00e3o, \u00e9 um documento abrangente, profundo, consistente e sem esquivas ou lacunas. \u00c9 um relat\u00f3rio \u00e0 altura da gravidade da situa\u00e7\u00e3o pela qual passa o Pa\u00eds em que se caminha para o iminente impedimento da Presidente afastada, Dilma Rousseff.<\/p>\n<p>O senador tamb\u00e9m frisou o cuidado que o presidente em exerc\u00edcio Michel Temer teve na nomea\u00e7\u00e3o da equipe ministerial, especialmente na \u00e1rea econ\u00f4mica com nomes que resgataram a confian\u00e7a do mercado e da popula\u00e7\u00e3o.<\/p>\n<p>O atual governo est\u00e1 corrigindo o descontrole econ\u00f4mico do Governo anterior, afirmou o senador Raupp, em seu discurso.<\/p>\n<p>Destacou que a crise econ\u00f4mica atual tamb\u00e9m atingiu, de forma leve, o estado de Rond\u00f4nia, mas devido ao esfor\u00e7o do setor produtivo j\u00e1 h\u00e1 uma rea\u00e7\u00e3o de crescimento da economia local.<\/p>\n<p>Ao final, o senador Raupp agradeceu a confian\u00e7a dos rondonienses para que, neste momento, tomasse uma decis\u00e3o t\u00e3o importante como a de hoje, que \u00e9 o voto favor\u00e1vel \u00e0 pronuncia da presidente afastada.<\/p>\n","protected":false},"excerpt":{"rendered":"<div class=\"mh-excerpt\"><p>(Bras\u00edlia, 09\/08\/16 &#8211; Ribamar Ara\u00fajo) O senador Valdir Raupp(RO) em discurso nesta ter\u00e7a-feira, dia 09\/08, afirmou que \u00e9 a favor da pron\u00fancia da presidente afastada <a class=\"mh-excerpt-more\" href=\"https:\/\/folhaderondonianews.com\/news\/2016\/08\/10\/raupp-vota-favoravel-a-pronuncia-de-dilma-e-afirma-que-economia-da-sinais-de-crescimento-no-governo-temer\/\" title=\"Raupp vota favor\u00e1vel a pron\u00fancia de Dilma e afirma que economia d\u00e1 sinais de crescimento no Governo Temer\">[&#8230;]<\/a><\/p>\n<\/div>","protected":false},"author":1,"featured_media":10424,"comment_status":"open","ping_status":"closed","sticky":false,"template":"","format":"standard","meta":{"footnotes":""},"categories":[9],"tags":[1260],"class_list":["post-11177","post","type-post","status-publish","format-standard","has-post-thumbnail","hentry","category-politica","tag-raupp-e-michel-temer"],"_links":{"self":[{"href":"https:\/\/folhaderondonianews.com\/news\/wp-json\/wp\/v2\/posts\/11177","targetHints":{"allow":["GET"]}}],"collection":[{"href":"https:\/\/folhaderondonianews.com\/news\/wp-json\/wp\/v2\/posts"}],"about":[{"href":"https:\/\/folhaderondonianews.com\/news\/wp-json\/wp\/v2\/types\/post"}],"author":[{"embeddable":true,"href":"https:\/\/folhaderondonianews.com\/news\/wp-json\/wp\/v2\/users\/1"}],"replies":[{"embeddable":true,"href":"https:\/\/folhaderondonianews.com\/news\/wp-json\/wp\/v2\/comments?post=11177"}],"version-history":[{"count":0,"href":"https:\/\/folhaderondonianews.com\/news\/wp-json\/wp\/v2\/posts\/11177\/revisions"}],"wp:featuredmedia":[{"embeddable":true,"href":"https:\/\/folhaderondonianews.com\/news\/wp-json\/wp\/v2\/media\/10424"}],"wp:attachment":[{"href":"https:\/\/folhaderondonianews.com\/news\/wp-json\/wp\/v2\/media?parent=11177"}],"wp:term":[{"taxonomy":"category","embeddable":true,"href":"https:\/\/folhaderondonianews.com\/news\/wp-json\/wp\/v2\/categories?post=11177"},{"taxonomy":"post_tag","embeddable":true,"href":"https:\/\/folhaderondonianews.com\/news\/wp-json\/wp\/v2\/tags?post=11177"}],"curies":[{"name":"wp","href":"https:\/\/api.w.org\/{rel}","templated":true}]}}