{"id":11179,"date":"2016-08-10T07:31:48","date_gmt":"2016-08-10T11:31:48","guid":{"rendered":"http:\/\/folhaderondonianews.com\/news\/?p=11179"},"modified":"2016-08-10T07:31:48","modified_gmt":"2016-08-10T11:31:48","slug":"planalto-opera-e-partidos-adiam-votacao-de-caso-cunha-para-setembro","status":"publish","type":"post","link":"https:\/\/folhaderondonianews.com\/news\/2016\/08\/10\/planalto-opera-e-partidos-adiam-votacao-de-caso-cunha-para-setembro\/","title":{"rendered":"Planalto opera e partidos adiam vota\u00e7\u00e3o de caso Cunha para setembro"},"content":{"rendered":"<p>Ap\u00f3s uma opera\u00e7\u00e3o do Pal\u00e1cio do Planalto, a antiga oposi\u00e7\u00e3o &#8211; PSDB, DEM e PSB &#8211; concordou em deixar a vota\u00e7\u00e3o do processo de cassa\u00e7\u00e3o do mandato do deputado afastado Eduardo Cunha (PMDB-RJ) para depois do julgamento final do impeachment da presidente afastada Dilma Rousseff. Com a mudan\u00e7a de posi\u00e7\u00e3o, o presidente da C\u00e2mara, Rodrigo Maia (DEM-RJ), disse a parlamentares que a sess\u00e3o deve ocorrer entre 12 e 16 de setembro.<\/p>\n<p>O governo do presidente em exerc\u00edcio Michel Temer atuou para adiar a vota\u00e7\u00e3o da cassa\u00e7\u00e3o de Cunha porque receia que ele possa atrapalhar o impeachment caso perca o mandato antes. O temor do Pal\u00e1cio do Planalto \u00e9 de que o deputado afastado saia &#8220;atirando&#8221; contra membros do governo, o que pode vir a &#8220;tumultuar&#8221; a vota\u00e7\u00e3o final do impeachment, prevista para entre o fim de agosto e come\u00e7o de setembro. A tese j\u00e1 era defendida pelo Centr\u00e3o &#8211; grupo de partidos da base liderados por PP, PSD e PTB -, mas enfrentava resist\u00eancia no PSDB e no DEM.<\/p>\n<p>O discurso \u00fanico da base foi acertado durante caf\u00e9 da manh\u00e3 ter\u00e7a-feira (9) entre Maia e l\u00edderes do Centr\u00e3o e da antiga oposi\u00e7\u00e3o. O encontro ocorreu na resid\u00eancia oficial da presid\u00eancia da C\u00e2mara. Foi a primeira reuni\u00e3o do presidente da Casa com l\u00edderes partid\u00e1rios no local.<\/p>\n<div id=\"showcase-1\"><\/div>\n<p><strong>Consenso<\/strong><\/p>\n<p>&#8220;Houve consenso. A maioria concordou em ser depois do impeachment (de Dilma)&#8221;, afirmou o l\u00edder do PSB, Paulo Folleto (ES). Ele disse ter mudado de posicionamento para acompanhar a decis\u00e3o da maioria.<\/p>\n<p>&#8220;Houve uma opini\u00e3o da maioria. Como sou base, tenho que aceitar. N\u00e3o vou ficar brigando&#8221;, ressaltou. &#8220;\u00c9 melhor deixar para depois do impeachment, por estrat\u00e9gia. Para evitar tumulto, evitar estresse&#8221;, completou o l\u00edder do DEM, Pauderney Avelino (AM).<\/p>\n<p>O \u00fanico l\u00edder da antiga oposi\u00e7\u00e3o que diz ter se posicionado contra a maioria foi o do PPS, deputado Rubens Bueno (PR). &#8220;N\u00e3o concordei. Coloquei a minha posi\u00e7\u00e3o de continuar cobrando a vota\u00e7\u00e3o o mais r\u00e1pido poss\u00edvel&#8221;, afirmou. Ele disse ter sido o &#8220;\u00fanico&#8221; das lideran\u00e7as presentes a reafirmar que vai continuar cobrando em plen\u00e1rio que Maia fa\u00e7a a vota\u00e7\u00e3o o mais c\u00e9lere poss\u00edvel.<\/p>\n<p>Segundo deputados do PP, PSD, PMDB, PSDB e PCdoB, Maia afirmou que n\u00e3o dar\u00e1 para fazer a vota\u00e7\u00e3o na pr\u00f3xima semana, pois n\u00e3o haver\u00e1 atividades na C\u00e2mara, em raz\u00e3o do in\u00edcio da campanha eleitoral. Nas duas semanas seguintes, tamb\u00e9m n\u00e3o seria poss\u00edvel, pois ser\u00e1 a vota\u00e7\u00e3o do impeachment no Senado. Na primeira semana de setembro, tamb\u00e9m n\u00e3o daria, por conta do feriado de 7 de Setembro. Resta, portanto, a semana entre 12 e 16 de setembro. Maia prometeu anunciar hoje a data exata.<\/p>\n<p><strong>Protesto<\/strong><\/p>\n<p>Partidos da oposi\u00e7\u00e3o protestaram contra a demora na vota\u00e7\u00e3o da cassa\u00e7\u00e3o de Cunha. Ontem, PSOL e Rede fizeram um ato para marcar os 300 dias desde que a representa\u00e7\u00e3o contra o peemedebista foi protocolada no Conselho de \u00c9tica. &#8220;Usar o impeachment para adiar a vota\u00e7\u00e3o \u00e9 desculpa de quem tem medo de enfrentar a verdade&#8221;, disse o l\u00edder da Rede, Alessandro Molon (RJ).<\/p>\n<p>O grupo promete aumentar a press\u00e3o caso a vota\u00e7\u00e3o fique para depois do impeachment. &#8220;Vai ter guerra aqui&#8221;, disse Jos\u00e9 Guimar\u00e3es (PT-CE).<\/p>\n<p><strong>Tramita\u00e7\u00e3o<\/strong><\/p>\n<p>Na segunda-feira (8) o parecer pela cassa\u00e7\u00e3o do mandato de Cunha aprovado pelo Conselho de \u00c9tica foi lido no plen\u00e1rio da C\u00e2mara. A leitura \u00e9 a \u00faltima etapa do processo, antes da vota\u00e7\u00e3o em plen\u00e1rio. A partir dela, o pedido deve entrar como prioridade na pauta de vota\u00e7\u00f5es do plen\u00e1rio em at\u00e9 duas sess\u00f5es ordin\u00e1rias, ou seja, a partir de hoje. A prioridade, no entanto, n\u00e3o obriga que seja votado. Mesmo trabalhando para adiar a vota\u00e7\u00e3o, aliados de Cunha consideram a cassa\u00e7\u00e3o prov\u00e1vel.<\/p>\n","protected":false},"excerpt":{"rendered":"<div class=\"mh-excerpt\"><p>Temor do governo \u00e9 de que o deputado afastado saia &#8220;atirando&#8221; contra membros do governo, o que pode vir a &#8220;tumultuar&#8221; a vota\u00e7\u00e3o final do impeachment, prevista para entre o fim de agosto e come\u00e7o de setembro.<\/p>\n<\/div>","protected":false},"author":1,"featured_media":10168,"comment_status":"open","ping_status":"closed","sticky":false,"template":"","format":"standard","meta":{"footnotes":""},"categories":[9],"tags":[277,512],"class_list":["post-11179","post","type-post","status-publish","format-standard","has-post-thumbnail","hentry","category-politica","tag-cunha","tag-delacao-premiada"],"_links":{"self":[{"href":"https:\/\/folhaderondonianews.com\/news\/wp-json\/wp\/v2\/posts\/11179","targetHints":{"allow":["GET"]}}],"collection":[{"href":"https:\/\/folhaderondonianews.com\/news\/wp-json\/wp\/v2\/posts"}],"about":[{"href":"https:\/\/folhaderondonianews.com\/news\/wp-json\/wp\/v2\/types\/post"}],"author":[{"embeddable":true,"href":"https:\/\/folhaderondonianews.com\/news\/wp-json\/wp\/v2\/users\/1"}],"replies":[{"embeddable":true,"href":"https:\/\/folhaderondonianews.com\/news\/wp-json\/wp\/v2\/comments?post=11179"}],"version-history":[{"count":0,"href":"https:\/\/folhaderondonianews.com\/news\/wp-json\/wp\/v2\/posts\/11179\/revisions"}],"wp:featuredmedia":[{"embeddable":true,"href":"https:\/\/folhaderondonianews.com\/news\/wp-json\/wp\/v2\/media\/10168"}],"wp:attachment":[{"href":"https:\/\/folhaderondonianews.com\/news\/wp-json\/wp\/v2\/media?parent=11179"}],"wp:term":[{"taxonomy":"category","embeddable":true,"href":"https:\/\/folhaderondonianews.com\/news\/wp-json\/wp\/v2\/categories?post=11179"},{"taxonomy":"post_tag","embeddable":true,"href":"https:\/\/folhaderondonianews.com\/news\/wp-json\/wp\/v2\/tags?post=11179"}],"curies":[{"name":"wp","href":"https:\/\/api.w.org\/{rel}","templated":true}]}}