{"id":11181,"date":"2016-08-10T08:28:27","date_gmt":"2016-08-10T12:28:27","guid":{"rendered":"http:\/\/folhaderondonianews.com\/news\/?p=11181"},"modified":"2016-08-10T08:28:27","modified_gmt":"2016-08-10T12:28:27","slug":"blog-da-luciana-ganha-destaque-em-um-dos-maiores-sites-de-noticias-de-esquerda-do-brasil","status":"publish","type":"post","link":"https:\/\/folhaderondonianews.com\/news\/2016\/08\/10\/blog-da-luciana-ganha-destaque-em-um-dos-maiores-sites-de-noticias-de-esquerda-do-brasil\/","title":{"rendered":"Blog da Luciana ganha destaque em um dos maiores sites de not\u00edcias de esquerda do Brasil"},"content":{"rendered":"<p><img decoding=\"async\" class=\"size-medium wp-image-26708 alignleft lazyload\" data-src=\"http:\/\/maisro.com.br\/wp-content\/uploads\/2016\/08\/luciana2-490x315.jpg\" alt=\"luciana2\" width=\"490\" height=\"315\" src=\"data:image\/svg+xml;base64,PHN2ZyB3aWR0aD0iMSIgaGVpZ2h0PSIxIiB4bWxucz0iaHR0cDovL3d3dy53My5vcmcvMjAwMC9zdmciPjwvc3ZnPg==\" style=\"--smush-placeholder-width: 490px; --smush-placeholder-aspect-ratio: 490\/315;\" \/>Com o t\u00edtulo \u201cBlog mostra como o Norte foi generoso com familiares de Suzana Vieira\u201d, o Bog da Luciana Oliveira foi destaque hoje com direito a capa, no maior site de not\u00edcias de esquerda do Pa\u00eds, o Brasil 247, quem milh\u00f5es de acessos em todo o Brasil.<\/p>\n<p>Luciana, ativista atuante na defesa dos direitos sociais e da Amaz\u00f4nia, contestou no blog dela a atriz Suzana Vieira, que denegriu a imagem do Norte e do Nordeste com sua fala preconceituosa. Leia a a mat\u00e9ria na \u00edntegra:<\/p>\n<p>&nbsp;<\/p>\n<p><a href=\"http:\/\/blogdalucianaoliveira.com.br\/blog\/2016\/08\/09\/susana-vieira-diz-que-povo-do-norte-e-desinformado-entao-vamos-mostrar-como-esta-regiao-foi-generosa-com-familiares-da-atriz\/#more-2939\" target=\"_blank\"><strong>Do Blog de Luciana Oliveira<\/strong><\/a> \u2013 N\u00e3o \u00e9 a primeira vez que a atriz Susana Vieira fala da regi\u00e3o Norte pejorativamente.<\/p>\n<p>Em entrevistas na emissora em que trabalha e em outros ve\u00edculos, j\u00e1 disse que parte da fam\u00edlia \u201cmora no mato\u201d.<\/p>\n<p>O \u2018mato\u2019 a que se refere \u00e9 Porto Velho, capital de Rond\u00f4nia, que hoje abriga uma das mais importantes obras do pa\u00eds, a constru\u00e7\u00e3o das usinas hidrel\u00e9tricas de Jirau e Santo Ant\u00f4nio.<\/p>\n<p>Agora, num ato em que participou com outros seis artistas em frente \u00e0 Justi\u00e7a Federal do Paran\u00e1 (JFPR), em Curitiba, em apoio ao juiz S\u00e9rgio Moro, ela esbo\u00e7ou mais explicitamente preconceito com a regi\u00e3o Norte.<\/p>\n<p>Chamou de desinformados os que vivem aqui.<\/p>\n<p>\u201cEu acho que as pessoas do Norte e do Nordeste n\u00e3o t\u00eam conhecimento do que est\u00e1 sendo feito aqui.\u201d<\/p>\n<p>Ela apoia as a\u00e7\u00f5es do juiz S\u00e9rgio Moro na Opera\u00e7\u00e3o Lava Jato, que combate \u00e0 corrup\u00e7\u00e3o.<\/p>\n<p>Pois bem.<\/p>\n<p>O Sul e demais regi\u00f5es precisam saber o quanto o Norte foi \u2018generoso\u2019 com a parte da fam\u00edlia da atriz que vive no Norte h\u00e1 d\u00e9cadas.<\/p>\n<p>Sua irm\u00e3, Susana Gon\u00e7alves, segundo mat\u00e9ria O GLOBO, abandonou a carreira pra morar em Rond\u00f4nia com o ent\u00e3o marido Paulo Sack, \u201cque havia acabado de ganhar uma heran\u00e7a, numa aventura em Rond\u00f4nia. O casal se estabeleceu no ramo da constru\u00e7\u00e3o e hotelaria.\u201d<\/p>\n<p><img decoding=\"async\" class=\"alignnone size-full wp-image-2941 lazyload\" data-src=\"http:\/\/i1.wp.com\/blogdalucianaoliveira.com.br\/blog\/wp-content\/uploads\/2016\/08\/image-44.jpeg?resize=475%2C475\" alt=\"image\" width=\"475\" height=\"475\" src=\"data:image\/svg+xml;base64,PHN2ZyB3aWR0aD0iMSIgaGVpZ2h0PSIxIiB4bWxucz0iaHR0cDovL3d3dy53My5vcmcvMjAwMC9zdmciPjwvc3ZnPg==\" style=\"--smush-placeholder-width: 475px; --smush-placeholder-aspect-ratio: 475\/475;\" \/><\/p>\n<p><img decoding=\"async\" class=\"alignnone size-full wp-image-2942 lazyload\" data-src=\"http:\/\/i0.wp.com\/blogdalucianaoliveira.com.br\/blog\/wp-content\/uploads\/2016\/08\/image-45.jpeg?resize=500%2C337\" alt=\"image\" width=\"500\" height=\"337\" src=\"data:image\/svg+xml;base64,PHN2ZyB3aWR0aD0iMSIgaGVpZ2h0PSIxIiB4bWxucz0iaHR0cDovL3d3dy53My5vcmcvMjAwMC9zdmciPjwvc3ZnPg==\" style=\"--smush-placeholder-width: 500px; --smush-placeholder-aspect-ratio: 500\/337;\" \/><\/p>\n<p>Tempo vai, tempo vem, o hoje ex-marido, portanto, cunhado da atriz Susana Vieira, est\u00e1 envolvido num processo de reintegra\u00e7\u00e3o de posse escandaloso. Ele adquiriu as terras em lit\u00edgio, do ex-desembargador Aldo Alberto Castanheira e Silva, j\u00e1 falecido.<\/p>\n<p>Um conflito agr\u00e1rio ao longo de cerca de 40 quil\u00f4metros na linha 45 que pode resultar numa trag\u00e9dia sem precedentes.<\/p>\n<p>Cerca de 2 mil fam\u00edlias disputam na justi\u00e7a o direito \u00e0 terras que alegam ser da Uni\u00e3o.<\/p>\n<p>O cunhado da atriz est\u00e1 no meio desse lit\u00edgio reivindicando parte das terras, uma por\u00e7\u00e3o entre o lago da Brasileira e Escalerita.<\/p>\n<p>O processo \u00e9 complexo e demorou 20 anos para que fosse expedido o mandado de cumprimento de reintegra\u00e7\u00e3o.<\/p>\n<p>Fatos novos como o \u2018reaparecimento\u2019 de parte do processo que havida sumido no Incra e a necessidade de per\u00edcia adequada, motivaram a suspens\u00e3o do cumprimento da liminar.<\/p>\n<p><img decoding=\"async\" class=\"alignnone size-full wp-image-2943 lazyload\" data-src=\"http:\/\/i0.wp.com\/blogdalucianaoliveira.com.br\/blog\/wp-content\/uploads\/2016\/08\/image-46.jpeg?resize=500%2C667\" alt=\"image\" width=\"500\" height=\"667\" src=\"data:image\/svg+xml;base64,PHN2ZyB3aWR0aD0iMSIgaGVpZ2h0PSIxIiB4bWxucz0iaHR0cDovL3d3dy53My5vcmcvMjAwMC9zdmciPjwvc3ZnPg==\" style=\"--smush-placeholder-width: 500px; --smush-placeholder-aspect-ratio: 500\/667;\" \/><\/p>\n<p><img decoding=\"async\" class=\"alignnone size-full wp-image-2944 lazyload\" data-src=\"http:\/\/i2.wp.com\/blogdalucianaoliveira.com.br\/blog\/wp-content\/uploads\/2016\/08\/image-47.jpeg?resize=500%2C667\" alt=\"image\" width=\"500\" height=\"667\" src=\"data:image\/svg+xml;base64,PHN2ZyB3aWR0aD0iMSIgaGVpZ2h0PSIxIiB4bWxucz0iaHR0cDovL3d3dy53My5vcmcvMjAwMC9zdmciPjwvc3ZnPg==\" style=\"--smush-placeholder-width: 500px; --smush-placeholder-aspect-ratio: 500\/667;\" \/><\/p>\n<p><img decoding=\"async\" class=\"alignnone size-full wp-image-2945 lazyload\" data-src=\"http:\/\/i1.wp.com\/blogdalucianaoliveira.com.br\/blog\/wp-content\/uploads\/2016\/08\/image-48.jpeg?resize=500%2C667\" alt=\"image\" width=\"500\" height=\"667\" src=\"data:image\/svg+xml;base64,PHN2ZyB3aWR0aD0iMSIgaGVpZ2h0PSIxIiB4bWxucz0iaHR0cDovL3d3dy53My5vcmcvMjAwMC9zdmciPjwvc3ZnPg==\" style=\"--smush-placeholder-width: 500px; --smush-placeholder-aspect-ratio: 500\/667;\" \/><\/p>\n<p>A regi\u00e3o mais parece um distrito urbano com v\u00e1rios estabelecimentos comerciais e industrias instalado na Vila Nova Samuel e a pol\u00edcia militar teria dificuldades pra garantir a desocupa\u00e7\u00e3o sem resist\u00eancia das fam\u00edlias que moram l\u00e1 h\u00e1 d\u00e9cadas.<\/p>\n<p>O temor de um conflito violento mobilizou autoridades \u00e0 promoverem audi\u00eancia p\u00fablica na Assembl\u00e9ia Legislativa do Estado de Rond\u00f4nia e v\u00e1rias den\u00fancias vieram \u00e0 tona.<\/p>\n<div class=\"jetpack-video-wrapper\">\n<div class=\"fluid-width-video-wrapper\"><iframe id=\"fitvid677111\" data-src=\"http:\/\/www.youtube.com\/embed\/KAo59fmsaLY?version=3&amp;rel=1&amp;fs=1&amp;autohide=2&amp;showsearch=0&amp;showinfo=1&amp;iv_load_policy=1&amp;wmode=transparent\" width=\"300\" height=\"150\" allowfullscreen=\"allowfullscreen\" data-ratio=\"0.624\" data-width=\"500\" data-height=\"312\" src=\"data:image\/svg+xml;base64,PHN2ZyB3aWR0aD0iMSIgaGVpZ2h0PSIxIiB4bWxucz0iaHR0cDovL3d3dy53My5vcmcvMjAwMC9zdmciPjwvc3ZnPg==\" class=\"lazyload\" data-load-mode=\"1\"><\/iframe><\/div>\n<\/div>\n<p>\u201cEsse processo \u00e9 envolto em mist\u00e9rios que precisam ser esclarecidos. Estamos diante de uma situa\u00e7\u00e3o que requer extrema preocupa\u00e7\u00e3o, pois s\u00e3o milhares de pessoas que produzem h\u00e1 d\u00e9cadas contra um demandante que nunca produziu nada. \u00c9 imprescind\u00edvel averiguar a autenticidade de dois t\u00edtulos conferidos pelo Estado do Amazonas, um em 1902 e outro em 1907, afinal, a terra tem que cumprir sua finalidade social\u201d, ressaltou o advogado dos posseiros, Ernande Segismundo.<\/p>\n<div class=\"jetpack-video-wrapper\">\n<div class=\"fluid-width-video-wrapper\"><iframe id=\"fitvid609393\" data-src=\"http:\/\/www.youtube.com\/embed\/hnZf6ooqDKY?version=3&amp;rel=1&amp;fs=1&amp;autohide=2&amp;showsearch=0&amp;showinfo=1&amp;iv_load_policy=1&amp;wmode=transparent\" width=\"300\" height=\"150\" allowfullscreen=\"allowfullscreen\" data-ratio=\"0.624\" data-width=\"500\" data-height=\"312\" src=\"data:image\/svg+xml;base64,PHN2ZyB3aWR0aD0iMSIgaGVpZ2h0PSIxIiB4bWxucz0iaHR0cDovL3d3dy53My5vcmcvMjAwMC9zdmciPjwvc3ZnPg==\" class=\"lazyload\" data-load-mode=\"1\"><\/iframe><\/div>\n<\/div>\n<p>&nbsp;<\/p>\n","protected":false},"excerpt":{"rendered":"<div class=\"mh-excerpt\"><p>Com o t\u00edtulo \u201cBlog mostra como o Norte foi generoso com familiares de Suzana Vieira\u201d, o Bog da Luciana Oliveira foi destaque hoje com direito a capa, no maior site de not\u00edcias de esquerda do Pa\u00eds, o Brasil 247, quem milh\u00f5es de acessos em todo o Brasil.<\/p>\n<p>Luciana, ativista atuante na defesa dos direitos sociais e da Amaz\u00f4nia, contestou no blog dela a atriz Suzana Vieira, que denegriu a imagem do Norte e do Nordeste com sua fala preconceituosa. Leia a a mat\u00e9ria na \u00edntegra:<\/p>\n<\/div>","protected":false},"author":1,"featured_media":0,"comment_status":"open","ping_status":"closed","sticky":false,"template":"","format":"standard","meta":{"footnotes":""},"categories":[3],"tags":[1261],"class_list":["post-11181","post","type-post","status-publish","format-standard","hentry","category-cotidiano","tag-luciana-oliveira"],"_links":{"self":[{"href":"https:\/\/folhaderondonianews.com\/news\/wp-json\/wp\/v2\/posts\/11181","targetHints":{"allow":["GET"]}}],"collection":[{"href":"https:\/\/folhaderondonianews.com\/news\/wp-json\/wp\/v2\/posts"}],"about":[{"href":"https:\/\/folhaderondonianews.com\/news\/wp-json\/wp\/v2\/types\/post"}],"author":[{"embeddable":true,"href":"https:\/\/folhaderondonianews.com\/news\/wp-json\/wp\/v2\/users\/1"}],"replies":[{"embeddable":true,"href":"https:\/\/folhaderondonianews.com\/news\/wp-json\/wp\/v2\/comments?post=11181"}],"version-history":[{"count":0,"href":"https:\/\/folhaderondonianews.com\/news\/wp-json\/wp\/v2\/posts\/11181\/revisions"}],"wp:attachment":[{"href":"https:\/\/folhaderondonianews.com\/news\/wp-json\/wp\/v2\/media?parent=11181"}],"wp:term":[{"taxonomy":"category","embeddable":true,"href":"https:\/\/folhaderondonianews.com\/news\/wp-json\/wp\/v2\/categories?post=11181"},{"taxonomy":"post_tag","embeddable":true,"href":"https:\/\/folhaderondonianews.com\/news\/wp-json\/wp\/v2\/tags?post=11181"}],"curies":[{"name":"wp","href":"https:\/\/api.w.org\/{rel}","templated":true}]}}