{"id":11183,"date":"2016-08-10T09:12:29","date_gmt":"2016-08-10T13:12:29","guid":{"rendered":"http:\/\/folhaderondonianews.com\/news\/?p=11183"},"modified":"2016-08-10T09:16:16","modified_gmt":"2016-08-10T13:16:16","slug":"morre-em-porto-velho-jornalista-carlos-neves","status":"publish","type":"post","link":"https:\/\/folhaderondonianews.com\/news\/2016\/08\/10\/morre-em-porto-velho-jornalista-carlos-neves\/","title":{"rendered":"Morre em Porto Velho jornalista Carlos Neves"},"content":{"rendered":"<p><img decoding=\"async\" class=\"alignleft lazyload\" data-src=\"http:\/\/rondoniagora.com\/media\/uploads\/2016\/08\/10\/carlinhos.jpg\" width=\"419\" height=\"279\" src=\"data:image\/svg+xml;base64,PHN2ZyB3aWR0aD0iMSIgaGVpZ2h0PSIxIiB4bWxucz0iaHR0cDovL3d3dy53My5vcmcvMjAwMC9zdmciPjwvc3ZnPg==\" style=\"--smush-placeholder-width: 419px; --smush-placeholder-aspect-ratio: 419\/279;\" \/>Rond\u00f4niAgora &#8211; O jornalista Carlos Neves de Ara\u00fajo morreu na madrugada desta quarta-feira em Porto Velho. As causas ainda n\u00e3o foram informadas, mas ele estava hospitalizado na UTI de um hospital particular da capital.<\/p>\n<p>&nbsp;<\/p>\n<p>Carlos Neves foi diretor de comunica\u00e7\u00e3o da Assembleia, onde atuou por mais de 30 anos. Foi assessor tamb\u00e9m de v\u00e1rios \u00f3rg\u00e3os p\u00fablicos, como o Minist\u00e9rio P\u00fablico do Estado. Foi editor do Jornal Alto Madeira.<\/p>\n<p>&nbsp;<\/p>\n<p>Na Assembleia, o come\u00e7o da trajet\u00f3ria de Carlinhos, como era conhecido, foi no gabinete do deputado Walter B\u00e1rtolo. Depois, com a aprova\u00e7\u00e3o no concurso, Carlinhos Neves passou a integrar a equipe da Assessoria de Imprensa, j\u00e1 que era jornalista com passagem pelos jornais O Guapor\u00e9, O Parceleiro, A Tribuna e Alto Madeira.<\/p>\n<p>&nbsp;<\/p>\n<p>Em sua trajet\u00f3ria no Poder Legislativo de Rond\u00f4nia, Carlinhos Neves respondeu como assessor de imprensa da Assembleia em janeiro de 1989, foi assessor de imprensa do Poder em 2000 e diretor de comunica\u00e7\u00e3o social em 2012. Quando n\u00e3o esteve em cargo de dire\u00e7\u00e3o, sempre desempenhou suas fun\u00e7\u00f5es como jornalista. Seus conhecimentos t\u00e9cnicos na \u00e1rea de jornalismo foram requisitados pela Secretaria de Ind\u00fastria e Com\u00e9rcio de Rond\u00f4nia, onde foi assessor de imprensa em 1993; Instituto de Previd\u00eancia dos Servidores P\u00fablicos do Estado de Rond\u00f4nia (Iperon), como assessor de imprensa, no per\u00edodo de 1996 a 1999; Tribunal Regional do Trabalho da 14\u00aa Regi\u00e3o, como secret\u00e1rio de imprensa, assessor da presid\u00eancia e assessor de imprensa do Col\u00e9gio de Presidentes e Corregedores dos Tribunais Regionais do Trabalho, no per\u00edodo de 2001 a 2003, e assessor de imprensa do Minist\u00e9rio P\u00fablico do Estado de Rond\u00f4nia no per\u00edodo de 2003 a 2006. Teve o trabalho reconhecido com mo\u00e7\u00e3o de aplausos em v\u00e1rias ocasi\u00f5es.<\/p>\n","protected":false},"excerpt":{"rendered":"<div class=\"mh-excerpt\"><p>Rond\u00f4niAgora &#8211; O jornalista Carlos Neves de Ara\u00fajo morreu na madrugada desta quarta-feira em Porto Velho. As causas ainda n\u00e3o foram informadas, mas ele estava <a class=\"mh-excerpt-more\" href=\"https:\/\/folhaderondonianews.com\/news\/2016\/08\/10\/morre-em-porto-velho-jornalista-carlos-neves\/\" title=\"Morre em Porto Velho jornalista Carlos Neves\">[&#8230;]<\/a><\/p>\n<\/div>","protected":false},"author":1,"featured_media":0,"comment_status":"open","ping_status":"closed","sticky":false,"template":"","format":"standard","meta":{"footnotes":""},"categories":[3],"tags":[],"class_list":["post-11183","post","type-post","status-publish","format-standard","hentry","category-cotidiano"],"_links":{"self":[{"href":"https:\/\/folhaderondonianews.com\/news\/wp-json\/wp\/v2\/posts\/11183","targetHints":{"allow":["GET"]}}],"collection":[{"href":"https:\/\/folhaderondonianews.com\/news\/wp-json\/wp\/v2\/posts"}],"about":[{"href":"https:\/\/folhaderondonianews.com\/news\/wp-json\/wp\/v2\/types\/post"}],"author":[{"embeddable":true,"href":"https:\/\/folhaderondonianews.com\/news\/wp-json\/wp\/v2\/users\/1"}],"replies":[{"embeddable":true,"href":"https:\/\/folhaderondonianews.com\/news\/wp-json\/wp\/v2\/comments?post=11183"}],"version-history":[{"count":0,"href":"https:\/\/folhaderondonianews.com\/news\/wp-json\/wp\/v2\/posts\/11183\/revisions"}],"wp:attachment":[{"href":"https:\/\/folhaderondonianews.com\/news\/wp-json\/wp\/v2\/media?parent=11183"}],"wp:term":[{"taxonomy":"category","embeddable":true,"href":"https:\/\/folhaderondonianews.com\/news\/wp-json\/wp\/v2\/categories?post=11183"},{"taxonomy":"post_tag","embeddable":true,"href":"https:\/\/folhaderondonianews.com\/news\/wp-json\/wp\/v2\/tags?post=11183"}],"curies":[{"name":"wp","href":"https:\/\/api.w.org\/{rel}","templated":true}]}}