{"id":11818,"date":"2016-10-26T15:13:32","date_gmt":"2016-10-26T19:13:32","guid":{"rendered":"http:\/\/folhaderondonianews.com\/news\/?p=11818"},"modified":"2016-10-26T15:13:32","modified_gmt":"2016-10-26T19:13:32","slug":"airton-gurgacz-denuncia-negligencia-da-caerd-com-populacao-de-ji-parana","status":"publish","type":"post","link":"https:\/\/folhaderondonianews.com\/news\/2016\/10\/26\/airton-gurgacz-denuncia-negligencia-da-caerd-com-populacao-de-ji-parana\/","title":{"rendered":"Airton Gurgacz denuncia neglig\u00eancia da Caerd com popula\u00e7\u00e3o de Ji-Paran\u00e1"},"content":{"rendered":"<p>O deputado Airton Gurgacz (PDT) utilizou a tribuna da Assembleia Legislativa na tarde desta ter\u00e7a-feira (25) para denunciar a falta de a\u00e7\u00e3o e neglig\u00eancia da Caerd para com a popula\u00e7\u00e3o de Ji-Paran\u00e1, que sofre com a falta de \u00e1gua em toda a cidade.<\/p>\n<p>Segundo o parlamentar, a popula\u00e7\u00e3o est\u00e1 revoltada com a situa\u00e7\u00e3o, pois j\u00e1 se trocou adutora e m\u00e1quinas, mas n\u00e3o se consegue resolver este problema que \u00e9 recorrente na cidade.<\/p>\n<p>A diretora da companhia foi chamada pelos vereadores para prestar esclarecimentos, mas a presidente, Iacira Azamor, enviou of\u00edcio dizendo que havia representante na cidade e que n\u00e3o iria.<\/p>\n<p>No entanto, informou Airton, o superintendente local, Euclides Maciel, foi exonerado esta manh\u00e3 por telefone.\u00a0 \u201c\u00c9 um absurdo o descaso com a segunda maior cidade do Estado\u201d, destacou.<\/p>\n<p>O deputado reclamou que o motor queima, as bombas queimam e n\u00e3o h\u00e1 manuten\u00e7\u00e3o nem material para substituir. Disse que a Caerd adquiriu duas bombas de origem alem\u00e3, mas que n\u00e3o conseguem instalar. \u201cA cidade abastece 28 mil fam\u00edlias e fatura cerca de R$ 1,8 milh\u00e3o mensamente. A companhia precisa dar o devido retorno \u00e0 sociedade\u201d, afirmou.<\/p>\n<p>Ele anunciou que chamar\u00e1 a presidente da companhia para dar explica\u00e7\u00f5es na Casa, pois \u00e9 um problema que h\u00e1 anos vem se arrastando. Concluiu pedindo para que a Caerd \u201colhe para Ji-Paran\u00e1 com mais carinho e d\u00ea explica\u00e7\u00f5es\u201d.<\/p>\n","protected":false},"excerpt":{"rendered":"<div class=\"mh-excerpt\"><p>O deputado Airton Gurgacz (PDT) utilizou a tribuna da Assembleia Legislativa na tarde desta ter\u00e7a-feira (25) para denunciar a falta de a\u00e7\u00e3o e neglig\u00eancia da <a class=\"mh-excerpt-more\" href=\"https:\/\/folhaderondonianews.com\/news\/2016\/10\/26\/airton-gurgacz-denuncia-negligencia-da-caerd-com-populacao-de-ji-parana\/\" title=\"Airton Gurgacz denuncia neglig\u00eancia da Caerd com popula\u00e7\u00e3o de Ji-Paran\u00e1\">[&#8230;]<\/a><\/p>\n<\/div>","protected":false},"author":1,"featured_media":11819,"comment_status":"open","ping_status":"closed","sticky":false,"template":"","format":"standard","meta":{"footnotes":""},"categories":[9],"tags":[56,29],"class_list":["post-11818","post","type-post","status-publish","format-standard","has-post-thumbnail","hentry","category-politica","tag-airton","tag-gurgacz"],"_links":{"self":[{"href":"https:\/\/folhaderondonianews.com\/news\/wp-json\/wp\/v2\/posts\/11818","targetHints":{"allow":["GET"]}}],"collection":[{"href":"https:\/\/folhaderondonianews.com\/news\/wp-json\/wp\/v2\/posts"}],"about":[{"href":"https:\/\/folhaderondonianews.com\/news\/wp-json\/wp\/v2\/types\/post"}],"author":[{"embeddable":true,"href":"https:\/\/folhaderondonianews.com\/news\/wp-json\/wp\/v2\/users\/1"}],"replies":[{"embeddable":true,"href":"https:\/\/folhaderondonianews.com\/news\/wp-json\/wp\/v2\/comments?post=11818"}],"version-history":[{"count":0,"href":"https:\/\/folhaderondonianews.com\/news\/wp-json\/wp\/v2\/posts\/11818\/revisions"}],"wp:featuredmedia":[{"embeddable":true,"href":"https:\/\/folhaderondonianews.com\/news\/wp-json\/wp\/v2\/media\/11819"}],"wp:attachment":[{"href":"https:\/\/folhaderondonianews.com\/news\/wp-json\/wp\/v2\/media?parent=11818"}],"wp:term":[{"taxonomy":"category","embeddable":true,"href":"https:\/\/folhaderondonianews.com\/news\/wp-json\/wp\/v2\/categories?post=11818"},{"taxonomy":"post_tag","embeddable":true,"href":"https:\/\/folhaderondonianews.com\/news\/wp-json\/wp\/v2\/tags?post=11818"}],"curies":[{"name":"wp","href":"https:\/\/api.w.org\/{rel}","templated":true}]}}