{"id":11840,"date":"2016-10-28T10:39:04","date_gmt":"2016-10-28T14:39:04","guid":{"rendered":"http:\/\/folhaderondonianews.com\/news\/?p=11840"},"modified":"2016-10-28T10:39:04","modified_gmt":"2016-10-28T14:39:04","slug":"hoje-e-ultimo-dia-para-veiculacao-de-propaganda-eleitoral-gratuita","status":"publish","type":"post","link":"https:\/\/folhaderondonianews.com\/news\/2016\/10\/28\/hoje-e-ultimo-dia-para-veiculacao-de-propaganda-eleitoral-gratuita\/","title":{"rendered":"Hoje \u00e9 \u00faltimo dia para veicula\u00e7\u00e3o de propaganda eleitoral gratuita"},"content":{"rendered":"<p>Pelo calend\u00e1rio das elei\u00e7\u00f5es de 2016, hoje (28) \u00e9 o \u00faltimo dia para a divulga\u00e7\u00e3o de propaganda eleitoral gratuita do segundo turno das elei\u00e7\u00f5es municipais no r\u00e1dio e na televis\u00e3o. Tamb\u00e9m \u00e9 o \u00faltimo dia em que ser\u00e1 permitida a divulga\u00e7\u00e3o de propaganda eleitoral paga, na imprensa escrita, e a realiza\u00e7\u00e3o de debate.<\/p>\n<p>Os debates que ocorrerem hoje n\u00e3o poder\u00e3o estender-se al\u00e9m da meia-noite.<\/p>\n<p>A Lei 9.504 de 1997, que estabelece normas para elei\u00e7\u00f5es, determina que, quando houver segundo turno, as emissoras de r\u00e1dio e televis\u00e3o devem reservar hor\u00e1rio destinado \u00e0 divulga\u00e7\u00e3o da propaganda eleitoral gratuita a partir de 48h da proclama\u00e7\u00e3o dos resultados do primeiro turno at\u00e9 a antev\u00e9spera da elei\u00e7\u00e3o.<\/p>\n<p>No segundo turno das elei\u00e7\u00f5es, que ocorrer\u00e1 no pr\u00f3ximo domingo (30), 32,9 milh\u00f5es de <a href=\"http:\/\/agenciabrasil.ebc.com.br\/politica\/noticia\/2016-10\/segundo-turno-das-eleicoes-ocorrera-em-57-cidades-de-20-estados\" target=\"_blank\">eleitores de 57 munic\u00edpios<\/a> voltar\u00e3o \u00e0s urnas eletr\u00f4nicas para escolher o prefeito entre os dois candidatos mais votados no primeiro turno.<\/p>\n<div class=\"node-info\">Edi\u00e7\u00e3o: <strong>Denise Griesinger<\/strong><\/div>\n","protected":false},"excerpt":{"rendered":"<div class=\"mh-excerpt\"><p>Pelo calend\u00e1rio das elei\u00e7\u00f5es de 2016, hoje (28) \u00e9 o \u00faltimo dia para a divulga\u00e7\u00e3o de propaganda eleitoral gratuita do segundo turno das elei\u00e7\u00f5es municipais no r\u00e1dio e na televis\u00e3o. Tamb\u00e9m \u00e9 o \u00faltimo dia em que ser\u00e1 permitida a divulga\u00e7\u00e3o de propaganda eleitoral paga, na imprensa escrita, e a realiza\u00e7\u00e3o de debate.<\/p>\n<\/div>","protected":false},"author":1,"featured_media":11844,"comment_status":"open","ping_status":"closed","sticky":false,"template":"","format":"standard","meta":{"footnotes":""},"categories":[9],"tags":[1151,1427],"class_list":["post-11840","post","type-post","status-publish","format-standard","has-post-thumbnail","hentry","category-politica","tag-eleitoral","tag-propaganda"],"_links":{"self":[{"href":"https:\/\/folhaderondonianews.com\/news\/wp-json\/wp\/v2\/posts\/11840","targetHints":{"allow":["GET"]}}],"collection":[{"href":"https:\/\/folhaderondonianews.com\/news\/wp-json\/wp\/v2\/posts"}],"about":[{"href":"https:\/\/folhaderondonianews.com\/news\/wp-json\/wp\/v2\/types\/post"}],"author":[{"embeddable":true,"href":"https:\/\/folhaderondonianews.com\/news\/wp-json\/wp\/v2\/users\/1"}],"replies":[{"embeddable":true,"href":"https:\/\/folhaderondonianews.com\/news\/wp-json\/wp\/v2\/comments?post=11840"}],"version-history":[{"count":0,"href":"https:\/\/folhaderondonianews.com\/news\/wp-json\/wp\/v2\/posts\/11840\/revisions"}],"wp:featuredmedia":[{"embeddable":true,"href":"https:\/\/folhaderondonianews.com\/news\/wp-json\/wp\/v2\/media\/11844"}],"wp:attachment":[{"href":"https:\/\/folhaderondonianews.com\/news\/wp-json\/wp\/v2\/media?parent=11840"}],"wp:term":[{"taxonomy":"category","embeddable":true,"href":"https:\/\/folhaderondonianews.com\/news\/wp-json\/wp\/v2\/categories?post=11840"},{"taxonomy":"post_tag","embeddable":true,"href":"https:\/\/folhaderondonianews.com\/news\/wp-json\/wp\/v2\/tags?post=11840"}],"curies":[{"name":"wp","href":"https:\/\/api.w.org\/{rel}","templated":true}]}}