{"id":12745,"date":"2017-01-24T12:20:37","date_gmt":"2017-01-24T16:20:37","guid":{"rendered":"http:\/\/folhaderondonianews.com\/news\/?p=12745"},"modified":"2017-01-24T12:20:37","modified_gmt":"2017-01-24T16:20:37","slug":"ministra-autoriza-auxiliares-de-teori-a-retomarem-homologacoes-da-odebrecht","status":"publish","type":"post","link":"https:\/\/folhaderondonianews.com\/news\/2017\/01\/24\/ministra-autoriza-auxiliares-de-teori-a-retomarem-homologacoes-da-odebrecht\/","title":{"rendered":"Ministra autoriza auxiliares de Teori a retomarem homologa\u00e7\u00f5es da Odebrecht"},"content":{"rendered":"<p>A presidente do Supremo Tribunal Federal (STF), C\u00e1rmen L\u00facia,\u00a0 autorizou os ju\u00edzes auxiliares do ministro Teori Zavascki a retomarem a partir de hoje (24) os procedimentos formais para que as dela\u00e7\u00f5es de executivos da empreiteira Odebrecht sejam homologadas, no \u00e2mbito da Opera\u00e7\u00e3o Lava Jato.<\/p>\n<p>O ministro Teori Zavascki, que morreu em um acidente de avi\u00e3o na \u00faltima quinta-feira (19) e era o relator da Lava Jato no STF, trabalhava durante o recesso nas 77 dela\u00e7\u00f5es da Odebrecht que se encontram em seu gabinete e estavam prestes a ser homologadas, isto \u00e9, a serem validadas como prova.<\/p>\n<p>Teori j\u00e1 havia autorizado que seus ju\u00edzes auxiliares come\u00e7assem, esta semana, a ouvir os delatores para saber se eles prestaram de livre e espont\u00e2nea vontade as informa\u00e7\u00f5es que constam nos mais de 800 depoimentos colhidos pelo Minist\u00e9rio P\u00fablico Federal (MPF). Esta \u00e9 uma etapa formal do processo. A ministra C\u00e1rmen L\u00facia passou boa parta de tarde de ontem (24) no gabinete de Teori Zavascki, onde conversou com os ju\u00edzes auxiliares do ministro. Devido ao sigilo dos processos, n\u00e3o \u00e9 poss\u00edvel saber se a autoriza\u00e7\u00e3o para que os depoimentos sejam retomados diz respeito a uma dela\u00e7\u00e3o espec\u00edfica ou a todas.<\/p>\n<p>Ontem (19), ela recebeu em seu gabinete o procurador-geral da Rep\u00fablica, Rodrigo Janot, a quem cabe solicitar urg\u00eancia na aprecia\u00e7\u00e3o das dela\u00e7\u00f5es da Lava Jato. Durante o recesso do Judici\u00e1rio, C\u00e1rmen L\u00facia pode autorizar atos emergenciais em processos que tramitam no STF.<\/p>\n<p>H\u00e1 uma grande expectativa da sociedade e, principalmente, da classe pol\u00edtica em rela\u00e7\u00e3o \u00e0s dela\u00e7\u00f5es de executivos da Odebrecht, pois segundo informa\u00e7\u00f5es vazadas anteriormente, dezenas de pol\u00edticos em exerc\u00edcio s\u00e3o citados como envolvidos no megaesquema de corrup\u00e7\u00e3o da Petrobras.<\/p>\n<p>O presidente da Ordem dos Advogados do Brasil, Cl\u00e1udio Lamachia, celebrou a decis\u00e3o de C\u00e1rmen L\u00facia, afirmando que &#8220;representa uma vit\u00f3ria para a sociedade brasileira&#8221;. Ele j\u00e1 havia defendido que a ministra avocasse para si a homologa\u00e7\u00e3o das dela\u00e7\u00f5es da Odebrecht.<\/p>\n<p>&#8220;Neste momento, a sociedade precisa de respostas e, por isso, \u00e9 necess\u00e1rio dar celeridade aos processos da Lava Jato, de modo a diminuir a inseguran\u00e7a e destravar o pa\u00eds&#8221;, diz a nota de Lamachia divulgada nesta ter\u00e7a-feira.<\/p>\n<p><em>*Mat\u00e9ria alterada \u00e0s 12h39m para acr\u00e9scimo de informa\u00e7\u00f5es.<\/em><\/p>\n","protected":false},"excerpt":{"rendered":"<div class=\"mh-excerpt\"><p>A presidente do Supremo Tribunal Federal (STF), C\u00e1rmen L\u00facia,\u00a0 autorizou os ju\u00edzes auxiliares do ministro Teori Zavascki a retomarem a partir de hoje (24) os <a class=\"mh-excerpt-more\" href=\"https:\/\/folhaderondonianews.com\/news\/2017\/01\/24\/ministra-autoriza-auxiliares-de-teori-a-retomarem-homologacoes-da-odebrecht\/\" title=\"Ministra autoriza auxiliares de Teori a retomarem homologa\u00e7\u00f5es da Odebrecht\">[&#8230;]<\/a><\/p>\n<\/div>","protected":false},"author":1,"featured_media":12744,"comment_status":"open","ping_status":"closed","sticky":false,"template":"","format":"standard","meta":{"footnotes":""},"categories":[9],"tags":[1611,369,795],"class_list":["post-12745","post","type-post","status-publish","format-standard","has-post-thumbnail","hentry","category-politica","tag-carmen-lucia","tag-odebrecht","tag-teori-zavascki"],"_links":{"self":[{"href":"https:\/\/folhaderondonianews.com\/news\/wp-json\/wp\/v2\/posts\/12745","targetHints":{"allow":["GET"]}}],"collection":[{"href":"https:\/\/folhaderondonianews.com\/news\/wp-json\/wp\/v2\/posts"}],"about":[{"href":"https:\/\/folhaderondonianews.com\/news\/wp-json\/wp\/v2\/types\/post"}],"author":[{"embeddable":true,"href":"https:\/\/folhaderondonianews.com\/news\/wp-json\/wp\/v2\/users\/1"}],"replies":[{"embeddable":true,"href":"https:\/\/folhaderondonianews.com\/news\/wp-json\/wp\/v2\/comments?post=12745"}],"version-history":[{"count":0,"href":"https:\/\/folhaderondonianews.com\/news\/wp-json\/wp\/v2\/posts\/12745\/revisions"}],"wp:featuredmedia":[{"embeddable":true,"href":"https:\/\/folhaderondonianews.com\/news\/wp-json\/wp\/v2\/media\/12744"}],"wp:attachment":[{"href":"https:\/\/folhaderondonianews.com\/news\/wp-json\/wp\/v2\/media?parent=12745"}],"wp:term":[{"taxonomy":"category","embeddable":true,"href":"https:\/\/folhaderondonianews.com\/news\/wp-json\/wp\/v2\/categories?post=12745"},{"taxonomy":"post_tag","embeddable":true,"href":"https:\/\/folhaderondonianews.com\/news\/wp-json\/wp\/v2\/tags?post=12745"}],"curies":[{"name":"wp","href":"https:\/\/api.w.org\/{rel}","templated":true}]}}