{"id":12758,"date":"2017-01-26T11:08:56","date_gmt":"2017-01-26T15:08:56","guid":{"rendered":"http:\/\/folhaderondonianews.com\/news\/?p=12758"},"modified":"2017-01-26T12:13:17","modified_gmt":"2017-01-26T16:13:17","slug":"juiz-manda-prender-eike-batista-e-mais-oito-pessoas","status":"publish","type":"post","link":"https:\/\/folhaderondonianews.com\/news\/2017\/01\/26\/juiz-manda-prender-eike-batista-e-mais-oito-pessoas\/","title":{"rendered":"Juiz manda prender Eike Batista e mais oito pessoas"},"content":{"rendered":"<p>A Pol\u00edcia Federal tenta cumprir desde o in\u00edcio\u00a0da manh\u00e3 desta quinta-feira (26) um mandado de pris\u00e3o preventiva (sem data para terminar) contra o empres\u00e1rio Eike\u00a0Batista. A a\u00e7\u00e3o faz parte da\u00a0Opera\u00e7\u00e3o Efici\u00eancia, segunda fase\u00a0da\u00a0Calicute, bra\u00e7o da\u00a0<strong><a href=\"https:\/\/noticias.uol.com.br\/politica\/temas\/operacao-lava-jato\/\">Lava <\/a><\/strong><strong><a href=\"https:\/\/noticias.uol.com.br\/politica\/temas\/operacao-lava-jato\/\">Jato<\/a>\u00a0<\/strong>do Rio.<\/p>\n<p>Os policiais chegaram \u00e0 casa do\u00a0empres\u00e1rio, localizada\u00a0no\u00a0Jardim Bot\u00e2nico, zona sul,\u00a0por volta das 6h da manh\u00e3. O empres\u00e1rio, no entanto, n\u00e3o est\u00e1 no Brasil, segundo apurou o\u00a0<strong>UOL<\/strong>. Segundo a Pol\u00edcia Federal, ele ainda n\u00e3o \u00e9 considerado foragido pela Justi\u00e7a. Contra ele tamb\u00e9m est\u00e1 sendo\u00a0cumprido\u00a0mandado de busca e apreens\u00e3o.<\/p>\n<p>Eike \u00e9 investigado por corrup\u00e7\u00e3o ativa por ter pagado propina para o ex-governador do Rio <strong>S\u00e9rgio Cabral (PMDB)<\/strong> utilizando um contrato fict\u00edcio.\u00a0A reportagem ligou para o celular do advogado de Eike, mas n\u00e3o conseguiu o contato. \u00c0 &#8220;GloboNews&#8221;, ele afirmou que Eike se entregar\u00e1 quando voltar ao pa\u00eds. A assessoria de comunica\u00e7\u00e3o do grupo EBX, de Eike, ainda n\u00e3o foi localizada.<\/p>\n<p>O juiz Marcelo Bretas, da\u00a07\u00aa Vara Federal Criminal,\u00a0expediu nove mandados de pris\u00e3o preventiva, quatro de condu\u00e7\u00e3o coercitiva (quando a pessoa \u00e9 obrigada a acompanhar os policiais para prestarem depoimento)\u00a0e 22 de busca e apreens\u00e3o, todos no Rio de Janeiro.<\/p>\n<p>Entre os alvos de mandado de pris\u00e3o est\u00e3o Cabral, seu ex-assessor\u00a0<strong>Carlos Miranda<\/strong>\u00a0e o ex-secret\u00e1rio de governo <strong>Wilson Carlos<\/strong>. <strong><a href=\"https:\/\/noticias.uol.com.br\/cotidiano\/ultimas-noticias\/2016\/11\/17\/pf-faz-operacao-para-prender-sergio-cabral-ex-governador-do-rj.htm\">Os tr\u00eas j\u00e1 est\u00e3o presos desde a Opera\u00e7\u00e3o Calicute, realizada novembro do ano passado<\/a><\/strong>.<\/p>\n<p>Segundo o juiz, a pris\u00e3o dos tr\u00eas foi decretada mais uma vez porque apareceram fatos novos na investiga\u00e7\u00e3o: &#8220;aparentemente estariam em curso condutas il\u00edcitas ainda n\u00e3o apuradas, de lavagem e oculta\u00e7\u00e3o de ativos em nome de terceiros, e por isso n\u00e3o consideradas na decis\u00e3o anterior que determinou as pris\u00f5es preventivas destes acusados, o que igualmente sugere, tamb\u00e9m por esse motivo, a necessidade de novo decreto de pris\u00e3o complementar, que acolho.&#8221;<\/p>\n<p><strong><a href=\"https:\/\/esporte.uol.com.br\/futebol\/ultimas-noticias\/2017\/01\/26\/vice-do-fla-e-preso-acusado-de-pagar-r-523-mi-de-propina-a-sergio-cabral.htm\">Hoje foi preso o advogado Fl\u00e1vio Godinho, ex-bra\u00e7o direito de\u00a0Eike\u00a0e vice-presidente do Flamengo<\/a><\/strong>. Assim como o empres\u00e1rio, Godinho tamb\u00e9m \u00e9 &#8220;investigado por corrup\u00e7\u00e3o ativa com o uso de contrato fict\u00edcio&#8221;, segundo o MPF (Minist\u00e9rio P\u00fablico Federal).\u00a0<strong><a href=\"https:\/\/esporte.uol.com.br\/futebol\/ultimas-noticias\/2016\/09\/23\/convocacao-da-lava-jato-nao-abala-vice-no-fla-campanha-no-brasileiro-ajuda.htm\">O advogado\u00a0j\u00e1 tinha sido alvo de condu\u00e7\u00e3o coercitiva na\u00a034\u00aa fase da Opera\u00e7\u00e3o Lava Jato, em setembro de 2016<\/a><\/strong>.<\/p>\n<p>Eike, Godinho e Cabral tamb\u00e9m s\u00e3o suspeitos de terem cometido atos de obstru\u00e7\u00e3o da investiga\u00e7\u00e3o porque, em uma busca e apreens\u00e3o em endere\u00e7o vinculado ao empres\u00e1rio em 2015, foram apreendidos extratos que comprovavam a transfer\u00eancia dos valores il\u00edcitos de uma conta no Panam\u00e1\u00a0para a empresa Arcadia Associados, segundo o MPF. Na transa\u00e7\u00e3o, teriam sido pagos por Eike e Godinho US$ 16,5 milh\u00f5es em propina para o ex-governador.<\/p>\n<p>&#8220;Esse valor foi solicitado por S\u00e9rgio Cabral a Eike Batista no ano de 2010 e, para dar apar\u00eancia de legalidade \u00e0 opera\u00e7\u00e3o, foi realizado, em 2011, um contrato de fachada entre a\u00a0empresa Centennial Asset Mining Fuind Llc, holding de Batista, e a empresa Arcadia Associados, por uma falsa intermedia\u00e7\u00e3o na compra e venda de uma mina de ouro&#8221;, segundo a for\u00e7a-tarefa da Calicute.<\/p>\n<p>O trio teria orientado os donos da Arcadia a manterem perante as autoridades a vers\u00e3o de que o contrato de intermedia\u00e7\u00e3o seria verdadeiro. Segundo o MPF, a empresa recebeu os valores il\u00edcitos numa conta no Uruguai em nome de terceiros, mas \u00e0 disposi\u00e7\u00e3o de Cabral.<\/p>\n<p>&#8220;De maneira sofisticada e reiterada, Eike Batista utiliza a simula\u00e7\u00e3o de neg\u00f3cios jur\u00eddicos para o pagamento e posterior oculta\u00e7\u00e3o de valores il\u00edcitos, o que comprova a necessidade da sua pris\u00e3o\u00a0para a garantia da ordem p\u00fablica&#8221;, dizem, em nota, os procuradores da Calicute.<\/p>\n<p>De acordo com a Procuradoria, &#8220;quatro membros da organiza\u00e7\u00e3o&#8221; tamb\u00e9m s\u00e3o alvos de mandado de pris\u00e3o: <strong>\u00c1lvaro Novis<\/strong>, <strong>S\u00e9rgio de Castro Oliveira<\/strong>, <strong>Thiago Arag\u00e3o<\/strong> e <strong>Francisco Assis Neto<\/strong>.<\/p>\n<p>O doleiro \u00c1lvaro Novis, s\u00f3cio da corretora Hoya, foi mencionado pelos colaboradores como sendo a pessoa respons\u00e1vel por creditar vultosas quantias em dinheiro em esp\u00e9cie na conta do acusado de Sergio Cabral. Ele fez 33 liga\u00e7\u00f5es para Carlos Miranda, ex-assessor do ex-governador, entre janeiro e setembro de 2014. Novis teria pago R$ 12,2 milh\u00f5es, segundo o despacho do juiz Bretas.<\/p>\n<div class=\"modflash center modulos grande uolmais\">\n<div class=\"conteudo\">\n<h3 class=\"color14\">BOECHAT COMENTA MANDADO DE PRIS\u00c3O CONTRA EIKE BAPTISTA<\/h3>\n<\/div>\n<\/div>\n<h3>&#8220;Lavagem consistente&#8221;<\/h3>\n<p>O MPF diz que investiga crimes de lavagem de dinheiro consistente na oculta\u00e7\u00e3o no exterior de aproximadamente US$ 100 milh\u00f5es (cerca de R$ 320 milh\u00f5es na cota\u00e7\u00e3o de hoje). Segundo o \u00f3rg\u00e3o, R$ 270 milh\u00f5es j\u00e1 foram repatriados e est\u00e3o \u00e0 disposi\u00e7\u00e3o da Justi\u00e7a Federal em conta aberta na Caixa.<\/p>\n<p>&#8220;A investiga\u00e7\u00e3o, concentrada nos crimes de corrup\u00e7\u00e3o (ativa e passiva), lavagem e evas\u00e3o dos recursos, tem avan\u00e7ado com base em quebras de\u00a0sigilo (banc\u00e1rio, fiscal, telef\u00f4nico e telem\u00e1tico) e em acordos de colabora\u00e7\u00e3o premiada&#8221;, informa o MPF. Segundo os procuradores, a organiza\u00e7\u00e3o criminosa liderada por Cabral movimentou, em dez meses (agosto de 2014 a junho de 2015), R$ 39,7 milh\u00f5es, cerca de R$ 4 milh\u00f5es por m\u00eas.<\/p>\n<p>&#8220;A remessa de valores para o exterior foi cont\u00ednua entre 2002 e 2007, quando Cabral acumulou US$ 6 milh\u00f5es [R$ 19 milh\u00f5es]. Mas esse alto valor em nada se compararia \u00e0s surreais quantias amealhadas durante a gest\u00e3o do governo do Estado do Rio de Janeiro, quando ele acumulou mais de US$ 100 milh\u00f5es em propinas, distribu\u00eddas em diversas contas em para\u00edsos fiscais no exterior&#8221;, diz o MPF em nota.<\/p>\n<p>Entre os alvos de mandados\u00a0de\u00a0condu\u00e7\u00e3o\u00a0coercitiva est\u00e3o a ex-mulher de Cabral,\u00a0Suzana\u00a0Neves Cabral,\u00a0e\u00a0um irm\u00e3o dele, Maur\u00edcio de Oliveira Cabral. Eles seriam benefici\u00e1rios de recursos il\u00edcitos. &#8220;Suas contas e de suas empresas receberam altas quantias ocultadas pela organiza\u00e7\u00e3o&#8221;, dizem os procuradores.<\/p>\n<p>Para o MPF, h\u00e1 elementos suficientes para pedir as pris\u00f5es tempor\u00e1rias, que t\u00eam dura\u00e7\u00e3o de at\u00e9 cinco dias, de Susana e do irm\u00e3o de Cabral, &#8220;mas foi pedida uma medida menos gravosa para que deponham, conforme for ordenado pela Justi\u00e7a&#8221;.<\/p>\n<p>&nbsp;<\/p>\n<h3>Eike complicou Mantega na Lava Jato<\/h3>\n<p>Eike j\u00e1 foi considerado o oitavo homem mais rico do mundo, segundo a revista &#8220;Forbes&#8221;, mas acabou acumulando grandes preju\u00edzos com a derrocada de sua petroleira, a OGX.<\/p>\n<p>Citado na Opera\u00e7\u00e3o Lava Jato, <strong><a href=\"https:\/\/noticias.uol.com.br\/politica\/ultimas-noticias\/2016\/09\/22\/depoimento-espontaneo-de-eike-levou-a-prisao-de-mantega-diz-lava-jato.htm\">o ex-bilion\u00e1rio optou por comparecer de forma espont\u00e2nea ao MPF, onde dep\u00f4s em maio do ano passado<\/a><\/strong>. Na ocasi\u00e3o, o relato dele acabou sendo fator decisivo para complicar o petista e ex-ministro da Fazenda Guido Mantega em rela\u00e7\u00e3o a desvios de dinheiro e corrup\u00e7\u00e3o na Petrobras.<\/p>\n<p>Mantega chegou a ser detido no \u00e2mbito da 34\u00aa fase da Lava Jato, batizada Arquivo X, mas foi liberado posteriormente por decis\u00e3o do juiz S\u00e9rgio Moro.<\/p>\n<p>Eike declarou que, em novembro de 2012, Mantega pediu R$ 5 milh\u00f5es ao empres\u00e1rio para quitar d\u00edvidas da campanha de 2010 da ent\u00e3o candidata \u00e0 Presid\u00eancia Dilma Rousseff. A defesa do ex-ministro negou ter feito o pedido.<\/p>\n<p>No depoimento, o empres\u00e1rio declarou ainda que o dinheiro solicitado pelo ex-ministro seria pago a uma empresa do ex-marqueteiro do PT Jo\u00e3o Santana e sua mulher, M\u00f4nica Moura, presos em outra fase da Lava Jato. O repasse seria feito mediante a presta\u00e7\u00e3o de servi\u00e7o ao grupo do empres\u00e1rio.<\/p>\n<p>&nbsp;<\/p>\n<h3>Cabral \u00e9\u00a0acusado de liderar grupo<\/h3>\n<p>Em novembro, Cabral\u00a0foi detido em seu apartamento, no Leblon, na zona sul carioca, e hoje se encontra em uma cela do Complexo Penitenci\u00e1rio de Gericin\u00f3, em Bangu, na zona oeste. Contra ele havia dois mandados de pris\u00e3o, dos quais um expedido pelo juiz S\u00e9rgio Moro.<\/p>\n<p>As investiga\u00e7\u00f5es mostraram, de acordo com a Justi\u00e7a, que Cabral liderou um grupo de operadores e benefici\u00e1rios de esquema de propina junto a empreiteiras que tinham contratos com o governo do Estado.<\/p>\n<p>Eram empresas respons\u00e1veis por tocar grandes obras, como a reforma do Maracan\u00e3, a constru\u00e7\u00e3o do Arco Metropolitano e projetos de urbaniza\u00e7\u00e3o em favelas da cidade.<\/p>\n<p>O preju\u00edzo estimado para os cofres p\u00fablicos \u00e9 de R$ 224 milh\u00f5es, segundo den\u00fancia do MPF. A defesa de Cabral diz que ele nega todas as acusa\u00e7\u00f5es.<\/p>\n","protected":false},"excerpt":{"rendered":"<div class=\"mh-excerpt\"><p>A Pol\u00edcia Federal tenta cumprir desde o in\u00edcio\u00a0da manh\u00e3 desta quinta-feira (26) um mandado de pris\u00e3o preventiva (sem data para terminar) contra o empres\u00e1rio Eike\u00a0Batista. <a class=\"mh-excerpt-more\" href=\"https:\/\/folhaderondonianews.com\/news\/2017\/01\/26\/juiz-manda-prender-eike-batista-e-mais-oito-pessoas\/\" title=\"Juiz manda prender Eike Batista e mais oito pessoas\">[&#8230;]<\/a><\/p>\n<\/div>","protected":false},"author":1,"featured_media":12759,"comment_status":"open","ping_status":"closed","sticky":false,"template":"","format":"standard","meta":{"footnotes":""},"categories":[5],"tags":[1645,1492],"class_list":["post-12758","post","type-post","status-publish","format-standard","has-post-thumbnail","hentry","category-brasil","tag-eike-batista-preso","tag-sergio-cabral"],"_links":{"self":[{"href":"https:\/\/folhaderondonianews.com\/news\/wp-json\/wp\/v2\/posts\/12758","targetHints":{"allow":["GET"]}}],"collection":[{"href":"https:\/\/folhaderondonianews.com\/news\/wp-json\/wp\/v2\/posts"}],"about":[{"href":"https:\/\/folhaderondonianews.com\/news\/wp-json\/wp\/v2\/types\/post"}],"author":[{"embeddable":true,"href":"https:\/\/folhaderondonianews.com\/news\/wp-json\/wp\/v2\/users\/1"}],"replies":[{"embeddable":true,"href":"https:\/\/folhaderondonianews.com\/news\/wp-json\/wp\/v2\/comments?post=12758"}],"version-history":[{"count":0,"href":"https:\/\/folhaderondonianews.com\/news\/wp-json\/wp\/v2\/posts\/12758\/revisions"}],"wp:featuredmedia":[{"embeddable":true,"href":"https:\/\/folhaderondonianews.com\/news\/wp-json\/wp\/v2\/media\/12759"}],"wp:attachment":[{"href":"https:\/\/folhaderondonianews.com\/news\/wp-json\/wp\/v2\/media?parent=12758"}],"wp:term":[{"taxonomy":"category","embeddable":true,"href":"https:\/\/folhaderondonianews.com\/news\/wp-json\/wp\/v2\/categories?post=12758"},{"taxonomy":"post_tag","embeddable":true,"href":"https:\/\/folhaderondonianews.com\/news\/wp-json\/wp\/v2\/tags?post=12758"}],"curies":[{"name":"wp","href":"https:\/\/api.w.org\/{rel}","templated":true}]}}