{"id":12769,"date":"2017-01-26T14:25:35","date_gmt":"2017-01-26T18:25:35","guid":{"rendered":"http:\/\/folhaderondonianews.com\/news\/?p=12769"},"modified":"2017-01-26T14:25:35","modified_gmt":"2017-01-26T18:25:35","slug":"acidente-e-morte-proximo-a-fazendinha","status":"publish","type":"post","link":"https:\/\/folhaderondonianews.com\/news\/2017\/01\/26\/acidente-e-morte-proximo-a-fazendinha\/","title":{"rendered":"Acidente e morte pr\u00f3ximo \u00e0 fazendinha"},"content":{"rendered":"<p>A Pol\u00edcia Rodovi\u00e1ria Federal identificou as duas v\u00edtimas fatais do grav\u00edssimo acidente ocorrido na manh\u00e3 desta quinta-feira (26) na BR-364, entre os munic\u00edpios de Ouro Preto do Oeste e Ji-Paran\u00e1\u00a0envolvendo uma carreta e uma caminhonete. As duas v\u00edtimas fatais eram ocupantes da caminhonete Toyota modelo Hilux com placas NDW-8763 de Jaru, era o casal Maria da Ros Nunes, 65 anos, e Jos\u00e9 Castro Nunes, 73 anos, que tiveram mortes instant\u00e2neas.<\/p>\n<p><img decoding=\"async\" class=\"size-full wp-image-12770 alignleft lazyload\" data-src=\"https:\/\/folhaderondonianews.com\/news\/wp-content\/uploads\/2017\/01\/acidente-Maria-da-Ros-Nunes2-e1485454955433.jpg\" alt=\"\" width=\"600\" height=\"360\" src=\"data:image\/svg+xml;base64,PHN2ZyB3aWR0aD0iMSIgaGVpZ2h0PSIxIiB4bWxucz0iaHR0cDovL3d3dy53My5vcmcvMjAwMC9zdmciPjwvc3ZnPg==\" style=\"--smush-placeholder-width: 600px; --smush-placeholder-aspect-ratio: 600\/360;\" \/>O acidente aconteceu pr\u00f3ximo \u00e0 Fazendinha, em Ouro Preto. Segundo informa\u00e7\u00f5es, a caminhonete, conduzida por Maria da Ros, seguia sentido Ji-Paran\u00e1 e teria tentado uma ultrapassagem, mas acabou colidindo frontalmente com uma carreta.<\/p>\n<p>A Pol\u00edcia Rodovi\u00e1ria Federal foi acionada e compareceu ao local para registrar o acidente e controlar o tr\u00e1fego de ve\u00edculos na rodovia federal.<\/p>\n<p>O casal era morador do Km 45 da Linha 630, regi\u00e3o de Taril\u00e2ndia, em Jaru, Castro era pecuarista e Maria da Ros professora federal aposentada. Segundo informa\u00e7\u00f5es de familiares, os corpos ser\u00e3o velados na Par\u00f3quia S\u00e3o Jo\u00e3o Batista, em Jaru, mas n\u00e3o h\u00e1 ainda previs\u00e3o da chegada.<\/p>\n<p>Fonte: Anoticiamais<\/p>\n","protected":false},"excerpt":{"rendered":"<div class=\"mh-excerpt\"><p>A Pol\u00edcia Rodovi\u00e1ria Federal identificou as duas v\u00edtimas fatais do grav\u00edssimo acidente ocorrido na manh\u00e3 desta quinta-feira (26) na BR-364, entre os munic\u00edpios de Ouro <a class=\"mh-excerpt-more\" href=\"https:\/\/folhaderondonianews.com\/news\/2017\/01\/26\/acidente-e-morte-proximo-a-fazendinha\/\" title=\"Acidente e morte pr\u00f3ximo \u00e0 fazendinha\">[&#8230;]<\/a><\/p>\n<\/div>","protected":false},"author":1,"featured_media":12771,"comment_status":"open","ping_status":"closed","sticky":false,"template":"","format":"standard","meta":{"footnotes":""},"categories":[3],"tags":[],"class_list":["post-12769","post","type-post","status-publish","format-standard","has-post-thumbnail","hentry","category-cotidiano"],"_links":{"self":[{"href":"https:\/\/folhaderondonianews.com\/news\/wp-json\/wp\/v2\/posts\/12769","targetHints":{"allow":["GET"]}}],"collection":[{"href":"https:\/\/folhaderondonianews.com\/news\/wp-json\/wp\/v2\/posts"}],"about":[{"href":"https:\/\/folhaderondonianews.com\/news\/wp-json\/wp\/v2\/types\/post"}],"author":[{"embeddable":true,"href":"https:\/\/folhaderondonianews.com\/news\/wp-json\/wp\/v2\/users\/1"}],"replies":[{"embeddable":true,"href":"https:\/\/folhaderondonianews.com\/news\/wp-json\/wp\/v2\/comments?post=12769"}],"version-history":[{"count":0,"href":"https:\/\/folhaderondonianews.com\/news\/wp-json\/wp\/v2\/posts\/12769\/revisions"}],"wp:featuredmedia":[{"embeddable":true,"href":"https:\/\/folhaderondonianews.com\/news\/wp-json\/wp\/v2\/media\/12771"}],"wp:attachment":[{"href":"https:\/\/folhaderondonianews.com\/news\/wp-json\/wp\/v2\/media?parent=12769"}],"wp:term":[{"taxonomy":"category","embeddable":true,"href":"https:\/\/folhaderondonianews.com\/news\/wp-json\/wp\/v2\/categories?post=12769"},{"taxonomy":"post_tag","embeddable":true,"href":"https:\/\/folhaderondonianews.com\/news\/wp-json\/wp\/v2\/tags?post=12769"}],"curies":[{"name":"wp","href":"https:\/\/api.w.org\/{rel}","templated":true}]}}