{"id":12797,"date":"2017-01-30T08:53:05","date_gmt":"2017-01-30T12:53:05","guid":{"rendered":"http:\/\/folhaderondonianews.com\/news\/?p=12797"},"modified":"2017-01-30T09:17:22","modified_gmt":"2017-01-30T13:17:22","slug":"aviao-que-trouxe-o-empresario-eike-batista-chega-ao-rio","status":"publish","type":"post","link":"https:\/\/folhaderondonianews.com\/news\/2017\/01\/30\/aviao-que-trouxe-o-empresario-eike-batista-chega-ao-rio\/","title":{"rendered":"Avi\u00e3o que trouxe o empres\u00e1rio Eike Batista chega ao Rio"},"content":{"rendered":"<p>O avi\u00e3o que trouxe o empres\u00e1rio Eike Batista de Nova York para o Rio de Janeiro pousou h\u00e1 pouco no Aeroporto Internacional Tom Jobim\/Gale\u00e3o. Assim que desembarcou, o empres\u00e1rio j\u00e1 foi detido pela Pol\u00edcia Federal (PF).<\/p>\n<p>Eike foi levado para o Instituto M\u00e9dico Legal (IML), onde far\u00e1 exames antes de ser preso. O pres\u00eddio ainda n\u00e3o foi confirmado.<\/p>\n<p>Eike, propriet\u00e1rio do grupo EBX, \u00e9 suspeito de lavagem de dinheiro em um esquema de corrup\u00e7\u00e3o que tamb\u00e9m atinge o ex-governador do Rio S\u00e9rgio Cabral, que est\u00e1 preso.<\/p>\n<p>Eike e o executivo Fl\u00e1vio Godinho, seu bra\u00e7o direito no grupo EBX e vice-presidente do Flamengo, s\u00e3o acusados de terem pago US$ 16,5 milh\u00f5es a Cabral em troca de benef\u00edcios em obras e neg\u00f3cios do grupo, usando uma conta fora do pa\u00eds. Os tr\u00eas tamb\u00e9m s\u00e3o suspeitos de terem obstru\u00eddo as investiga\u00e7\u00f5es.<\/p>\n<p>Na quinta-feira (26), a Pol\u00edcia Federal tentou deter o empres\u00e1rio em sua casa, no Rio de Janeiro, mas ele n\u00e3o estava l\u00e1. Os advogados informaram que Eike havia viajado a trabalho para Nova York e que voltaria ao Brasil para se entregar. A Pol\u00edcia Federal o <a href=\"http:\/\/agenciabrasil.ebc.com.br\/geral\/noticia\/2017-01\/eike-batista-entra-na-lista-da-interpol-e-passa-ser-foragido-internacional\" target=\"_blank\">considerou foragido<\/a> e pediu a inclus\u00e3o de seu nome na lista de procurados da Interpol, a pol\u00edcia internacional.<\/p>\n<p>Eike, 60 anos, foi considerado o homem mais rico do Brasil e, em 2012, o s\u00e9timo mais rico do mundo pela revista Forbes, com uma fortuna estimada em US$ 30 bilh\u00f5es. As empresas do grupo EBX atuam na \u00e1rea de minera\u00e7\u00e3o, petr\u00f3leo, g\u00e1s, log\u00edstica, energia e ind\u00fastria naval. Em 2013, entretanto, os neg\u00f3cios entraram em crise e Eike come\u00e7ou a deixar o controle de suas companhias e vender seu patrim\u00f4nio.<\/p>\n<p>O nome de Eike Batista apareceu na semana passada no \u00e2mbito da Opera\u00e7\u00e3o Efici\u00eancia, um desdobramento da Opera\u00e7\u00e3o Calicute, fase da Lava Jato, sobre propinas pagas por grandes empreiteiras a partidos e pol\u00edticos para obter contratos da Petrobras.<\/p>\n","protected":false},"excerpt":{"rendered":"<div class=\"mh-excerpt\"><p>O avi\u00e3o que trouxe o empres\u00e1rio Eike Batista de Nova York para o Rio de Janeiro pousou h\u00e1 pouco no Aeroporto Internacional Tom Jobim\/Gale\u00e3o. Assim <a class=\"mh-excerpt-more\" href=\"https:\/\/folhaderondonianews.com\/news\/2017\/01\/30\/aviao-que-trouxe-o-empresario-eike-batista-chega-ao-rio\/\" title=\"Avi\u00e3o que trouxe o empres\u00e1rio Eike Batista chega ao Rio\">[&#8230;]<\/a><\/p>\n<\/div>","protected":false},"author":1,"featured_media":12798,"comment_status":"open","ping_status":"closed","sticky":false,"template":"","format":"standard","meta":{"footnotes":""},"categories":[3],"tags":[1645],"class_list":["post-12797","post","type-post","status-publish","format-standard","has-post-thumbnail","hentry","category-cotidiano","tag-eike-batista-preso"],"_links":{"self":[{"href":"https:\/\/folhaderondonianews.com\/news\/wp-json\/wp\/v2\/posts\/12797","targetHints":{"allow":["GET"]}}],"collection":[{"href":"https:\/\/folhaderondonianews.com\/news\/wp-json\/wp\/v2\/posts"}],"about":[{"href":"https:\/\/folhaderondonianews.com\/news\/wp-json\/wp\/v2\/types\/post"}],"author":[{"embeddable":true,"href":"https:\/\/folhaderondonianews.com\/news\/wp-json\/wp\/v2\/users\/1"}],"replies":[{"embeddable":true,"href":"https:\/\/folhaderondonianews.com\/news\/wp-json\/wp\/v2\/comments?post=12797"}],"version-history":[{"count":0,"href":"https:\/\/folhaderondonianews.com\/news\/wp-json\/wp\/v2\/posts\/12797\/revisions"}],"wp:featuredmedia":[{"embeddable":true,"href":"https:\/\/folhaderondonianews.com\/news\/wp-json\/wp\/v2\/media\/12798"}],"wp:attachment":[{"href":"https:\/\/folhaderondonianews.com\/news\/wp-json\/wp\/v2\/media?parent=12797"}],"wp:term":[{"taxonomy":"category","embeddable":true,"href":"https:\/\/folhaderondonianews.com\/news\/wp-json\/wp\/v2\/categories?post=12797"},{"taxonomy":"post_tag","embeddable":true,"href":"https:\/\/folhaderondonianews.com\/news\/wp-json\/wp\/v2\/tags?post=12797"}],"curies":[{"name":"wp","href":"https:\/\/api.w.org\/{rel}","templated":true}]}}