{"id":1354,"date":"2013-07-27T11:49:52","date_gmt":"2013-07-27T15:49:52","guid":{"rendered":"http:\/\/folhaderondonianews.com\/news\/?p=1354"},"modified":"2013-07-27T11:49:52","modified_gmt":"2013-07-27T15:49:52","slug":"agora-vai-salarios-infraero","status":"publish","type":"post","link":"https:\/\/folhaderondonianews.com\/news\/2013\/07\/27\/agora-vai-salarios-infraero\/","title":{"rendered":"Agora vai: sal\u00e1rios Infraero"},"content":{"rendered":"<p><span style=\"font-size: 16px;\">Ap\u00f3s repercuss\u00e3o negativa de not\u00edcias sobre os sal\u00e1rios de maraj\u00e1s da Infraero, a dire\u00e7\u00e3o vai solicitar ao governo federal que libere ao menos a recomposi\u00e7\u00e3o salarial dos servidores, com base na infla\u00e7\u00e3o, antes que nova greve baixe ainda mais os \u00edndices de popularidade de Dilma.<\/span><\/p>\n<p>&nbsp;<\/p>\n<p><b>Estrat\u00e9gico<\/b><\/p>\n<p>A fim de melhorar a interlocu\u00e7\u00e3o com a m\u00eddia, o PSDB decidiu contratar assessores de imprensa para A\u00e9cio Neves (MG) \u2013 virtual candidato do partido \u00e0 Presid\u00eancia em 2014 \u2013 em cada um dos estados brasileiros.<\/p>\n<p>&nbsp;<\/p>\n<p><b>Indefini\u00e7\u00f5es<\/b><\/p>\n<p>Em campanha para disputar o governo de Pernambuco, o ministro Fernando Bezerra (Integra\u00e7\u00e3o) tirou os \u00faltimos dias para rodar Estado. Ele tenta apoio de Eduardo Campos (PSB) ou da presidente Dilma (PT)<\/p>\n<p>&nbsp;<\/p>\n<p><b>Enquadrados<\/b><\/p>\n<p>Advogado Fernando Humberto Fernandes pede que OAB e Minist\u00e9rio P\u00fablico leiam bem artigo 16 da lei 10823\/2006: coquetel molotov n\u00e3o \u00e9 \u201cexplosivo\u201d, mas \u201cproduto incendi\u00e1rio\u201d que pode matar, e manifestantes com tal \u201carma\u201d deveriam ser enquadrados em tentativa de homic\u00eddio.<\/p>\n<p>&nbsp;<\/p>\n<p><b>Profiss\u00e3o pol\u00edtico<\/b><\/p>\n<p>Quem conhece bem a pol\u00edtica amapaense garante que o senador Jos\u00e9 Sarney (PMDB), 83 anos, \u00e9 candidat\u00edssimo \u00e0 reelei\u00e7\u00e3o em 2014 em chapa cujo cabe\u00e7a dever\u00e1 ser o vereador Lucas Barreto (PSD).<\/p>\n<p><b>\u00a0<\/b><\/p>\n<p><b>Homem de bem<\/b><\/p>\n<p>O\u00a0 jornal italiano <i>Messaggero<\/i> contou a emo\u00e7\u00e3o do reencontro em Aparecida (SP) do papa Francisco e um casal italiano, que ele casou, ainda padre em Buenos Aires e ajudou a fugir na ditadura argentina.<\/p>\n<p>&nbsp;<\/p>\n<p><b>B\u00f3ia de salva\u00e7\u00e3o<\/b><\/p>\n<p>Atingido duramente por esc\u00e2ndalos em s\u00e9rie e queda brutal de popularidade em pesquisas, o governador Cabral espera aceno de Lula ou Dilma para encerrar a carreira pol\u00edtica num cargo \u201chonroso\u201d no Brasil ou no exterior, ainda que precise engolir o advers\u00e1rio petista Lindbergh.<\/p>\n<p><b>\u00a0<\/b><\/p>\n<p><b>Intermin\u00e1vel<\/b><\/p>\n<p>Condenado por compra de votos e abuso de poder econ\u00f4mico, o ex- distrital Ben\u00edcio Tavares (PMDB) apresentou recurso contra decis\u00e3o do TJDF que cassou seus direitos pol\u00edticos. O processo tramita h\u00e1 30 anos<\/p>\n","protected":false},"excerpt":{"rendered":"<div class=\"mh-excerpt\"><p>Ap\u00f3s repercuss\u00e3o negativa de not\u00edcias sobre os sal\u00e1rios de maraj\u00e1s da Infraero, a dire\u00e7\u00e3o vai solicitar ao governo federal que libere ao menos a recomposi\u00e7\u00e3o <a class=\"mh-excerpt-more\" href=\"https:\/\/folhaderondonianews.com\/news\/2013\/07\/27\/agora-vai-salarios-infraero\/\" title=\"Agora vai: sal\u00e1rios Infraero\">[&#8230;]<\/a><\/p>\n<\/div>","protected":false},"author":1,"featured_media":0,"comment_status":"open","ping_status":"closed","sticky":false,"template":"","format":"standard","meta":{"footnotes":""},"categories":[8],"tags":[],"class_list":["post-1354","post","type-post","status-publish","format-standard","hentry","category-coluna-do-gutierrez"],"_links":{"self":[{"href":"https:\/\/folhaderondonianews.com\/news\/wp-json\/wp\/v2\/posts\/1354","targetHints":{"allow":["GET"]}}],"collection":[{"href":"https:\/\/folhaderondonianews.com\/news\/wp-json\/wp\/v2\/posts"}],"about":[{"href":"https:\/\/folhaderondonianews.com\/news\/wp-json\/wp\/v2\/types\/post"}],"author":[{"embeddable":true,"href":"https:\/\/folhaderondonianews.com\/news\/wp-json\/wp\/v2\/users\/1"}],"replies":[{"embeddable":true,"href":"https:\/\/folhaderondonianews.com\/news\/wp-json\/wp\/v2\/comments?post=1354"}],"version-history":[{"count":0,"href":"https:\/\/folhaderondonianews.com\/news\/wp-json\/wp\/v2\/posts\/1354\/revisions"}],"wp:attachment":[{"href":"https:\/\/folhaderondonianews.com\/news\/wp-json\/wp\/v2\/media?parent=1354"}],"wp:term":[{"taxonomy":"category","embeddable":true,"href":"https:\/\/folhaderondonianews.com\/news\/wp-json\/wp\/v2\/categories?post=1354"},{"taxonomy":"post_tag","embeddable":true,"href":"https:\/\/folhaderondonianews.com\/news\/wp-json\/wp\/v2\/tags?post=1354"}],"curies":[{"name":"wp","href":"https:\/\/api.w.org\/{rel}","templated":true}]}}