{"id":1360,"date":"2013-07-27T11:55:57","date_gmt":"2013-07-27T15:55:57","guid":{"rendered":"http:\/\/folhaderondonianews.com\/news\/?p=1360"},"modified":"2013-07-27T11:55:57","modified_gmt":"2013-07-27T15:55:57","slug":"pergunta-no-aeroporto","status":"publish","type":"post","link":"https:\/\/folhaderondonianews.com\/news\/2013\/07\/27\/pergunta-no-aeroporto\/","title":{"rendered":"Pergunta no aeroporto"},"content":{"rendered":"<p><span style=\"font-size: 16px;\">A PF vai revistar o avi\u00e3o do presidente encrenqueiro da Bol\u00edvia Evo Morales antes ou depois da missa com o Papa neste domingo?<\/span><\/p>\n<p>&nbsp;<\/p>\n<p><b>Vereadores bajulam at\u00e9 o irm\u00e3o de governador<\/b><\/p>\n<p>A C\u00e2mara Municipal de Olinda deu o t\u00edtulo de cidad\u00e3o honor\u00e1rio a Antonio Campos, especialmente pelo seu trabalho como organizador da Festa Liter\u00e1ria de Porto de Galinhas \u2013 que, ali\u00e1s, fica em outro munic\u00edpio. A bajula\u00e7\u00e3o faz justi\u00e7a a Antonio, que, irm\u00e3o do governador Eduardo Campos, assegurou patroc\u00ednio de R$ 3,5 milh\u00f5es da Empetur, empresa do governo estadual, para a tal 9\u00aa Fliporto, em novembro.<b><\/b><\/p>\n<p><b>Irm\u00e3o amigo<\/b><\/p>\n<p>Antonio Campos j\u00e1 recebeu parcela de R$ 2,625 milh\u00f5es do patroc\u00ednio da Empetur, conforme comprovante ao qual esta coluna teve acesso. <b><\/b><\/p>\n<p><b>P\u00e1tio dos milagres<\/b><\/p>\n<p>O ex-\u00fcber empres\u00e1rio Eike Batista fechou o site com o nome dele e desistiu do Twitter, onde tinha quase quatro milh\u00f5es de seguidores.<\/p>\n<p>&nbsp;<\/p>\n<p><b>Os incomodados<\/b><br \/>\n\u00c9 praticamente certa a sa\u00edda da deputada distrital Eliana Pedrosa do PSD para o PSDB, partido pelo qual concorrer\u00e1 as elei\u00e7\u00f5es de 2014.<\/p>\n<p>&nbsp;<\/p>\n<p><b>Endere\u00e7o errado<\/b><\/p>\n<p>Como muitos que tentam neg\u00f3cios no governo federal, o cons\u00f3rcio Inframerica, que administra o de Bras\u00edlia, pediu b\u00ean\u00e7\u00e3o a Lula para ganhar a concess\u00e3o do aeroporto do Gale\u00e3o ou Confins. Mas Dilma, dona da caneta, anda irritada com o ritmo lento das obras na capital. <b><\/b><\/p>\n<p><b>Yes, we can<\/b><\/p>\n<p>A tentativa por decreto de quebrar sigilo de internautas para identificar v\u00e2ndalos rendeu apelido de advers\u00e1rios ao governador S\u00e9rgio Cabral (PMDB): \u201cObama do Engenho Novo\u201d (sub\u00farbio do Rio onde nasceu).<\/p>\n<p>&nbsp;<\/p>\n<p><b>Antes da lama<\/b><\/p>\n<p>Militares teriam sugerido a Candel\u00e1ria para o encerramento da visita do Papa, diz o ex-prefeito Cesar Maia (DEM-RJ). Palco de memor\u00e1veis protestos, foi preterido pelas autoridades religiosas e pelo governo.<\/p>\n<p>&nbsp;<\/p>\n<p><b>Tudo sob controle<\/b><\/p>\n<p>Virtual candidato \u00e0 Presid\u00eancia, Eduardo Campos (PSB-PE) aproveita a calmaria em Bras\u00edlia \u2013 com o recesso branco no Congresso \u2013 para viajar o interior de Pernambuco, j\u00e1 de olho em fazer sucessor em 2014.<\/p>\n<p>&nbsp;<\/p>\n<p><b>N\u00e3o entra mosca<\/b><\/p>\n<p>Alvo de cr\u00edticas por suas declara\u00e7\u00f5es homof\u00f3bicas, o deputado e pastor Marco Feliciano (PSC-SP), presidente da Comiss\u00e3o de Direitos Humanos, tem fugido das c\u00e2meras: \u201cA hora \u00e9 de submergir\u201d, explica.<\/p>\n<p>&nbsp;<\/p>\n<p><b>Assim n\u00e3o d\u00e1<\/b><\/p>\n<p>O n\u00facleo do PT na Educa\u00e7\u00e3o pressiona o Planalto a negociar sobre o projeto que destina royalties do petr\u00f3leo \u00e0 educa\u00e7\u00e3o e sa\u00fade. Muitos votaram constrangidos com o governo, e outros boicotaram a vota\u00e7\u00e3o.<\/p>\n<p>&nbsp;<\/p>\n<p>&nbsp;<\/p>\n<p><b>Espi\u00f5es na mira<\/b><\/p>\n<p>O deputado Fernando Ferro (PT-PE) j\u00e1 recolheu 130 assinaturas para criar a CPI da Espionagem Americana. Ele quer saber qual o \u201creal estado de seguran\u00e7a das vias de comunica\u00e7\u00e3o\u201d.<\/p>\n<p>&nbsp;<\/p>\n<p><b>Estrategista<\/b><\/p>\n<p>Presidente do PSDB-DF, Eduardo Jorge mant\u00e9m segredo sobre 2014: \u201cTemos que agregar todo mundo que \u00e9 contra o PT. Se eu disser que fulano \u00e9 candidato ao governo, ningu\u00e9m vem para o partido\u201d.<\/p>\n<p>&nbsp;<\/p>\n<p><b>Nem a\u00ed<\/b><\/p>\n<p>Curiosidade da pesquisa Ibope\/CNI: a badalada reforma pol\u00edtica para aliviar a barra dos pol\u00edticos preocupa apenas 1% dos entrevistados.\u00a0<b><i><\/i><\/b><\/p>\n","protected":false},"excerpt":{"rendered":"<div class=\"mh-excerpt\"><p>A PF vai revistar o avi\u00e3o do presidente encrenqueiro da Bol\u00edvia Evo Morales antes ou depois da missa com o Papa neste domingo? &nbsp; Vereadores <a class=\"mh-excerpt-more\" href=\"https:\/\/folhaderondonianews.com\/news\/2013\/07\/27\/pergunta-no-aeroporto\/\" title=\"Pergunta no aeroporto\">[&#8230;]<\/a><\/p>\n<\/div>","protected":false},"author":1,"featured_media":0,"comment_status":"open","ping_status":"closed","sticky":false,"template":"","format":"standard","meta":{"footnotes":""},"categories":[8],"tags":[],"class_list":["post-1360","post","type-post","status-publish","format-standard","hentry","category-coluna-do-gutierrez"],"_links":{"self":[{"href":"https:\/\/folhaderondonianews.com\/news\/wp-json\/wp\/v2\/posts\/1360","targetHints":{"allow":["GET"]}}],"collection":[{"href":"https:\/\/folhaderondonianews.com\/news\/wp-json\/wp\/v2\/posts"}],"about":[{"href":"https:\/\/folhaderondonianews.com\/news\/wp-json\/wp\/v2\/types\/post"}],"author":[{"embeddable":true,"href":"https:\/\/folhaderondonianews.com\/news\/wp-json\/wp\/v2\/users\/1"}],"replies":[{"embeddable":true,"href":"https:\/\/folhaderondonianews.com\/news\/wp-json\/wp\/v2\/comments?post=1360"}],"version-history":[{"count":0,"href":"https:\/\/folhaderondonianews.com\/news\/wp-json\/wp\/v2\/posts\/1360\/revisions"}],"wp:attachment":[{"href":"https:\/\/folhaderondonianews.com\/news\/wp-json\/wp\/v2\/media?parent=1360"}],"wp:term":[{"taxonomy":"category","embeddable":true,"href":"https:\/\/folhaderondonianews.com\/news\/wp-json\/wp\/v2\/categories?post=1360"},{"taxonomy":"post_tag","embeddable":true,"href":"https:\/\/folhaderondonianews.com\/news\/wp-json\/wp\/v2\/tags?post=1360"}],"curies":[{"name":"wp","href":"https:\/\/api.w.org\/{rel}","templated":true}]}}