{"id":1362,"date":"2013-07-27T11:57:30","date_gmt":"2013-07-27T15:57:30","guid":{"rendered":"http:\/\/folhaderondonianews.com\/news\/?p=1362"},"modified":"2013-07-27T11:57:30","modified_gmt":"2013-07-27T15:57:30","slug":"fusao-do-pps-com-pmn-vai-por-agua-abaixo","status":"publish","type":"post","link":"https:\/\/folhaderondonianews.com\/news\/2013\/07\/27\/fusao-do-pps-com-pmn-vai-por-agua-abaixo\/","title":{"rendered":"Fus\u00e3o do PPS com PMN vai por \u00e1gua abaixo"},"content":{"rendered":"<p><span style=\"font-size: 16px;\">Contrariando os planos do ex-governador Jos\u00e9 Serra (PSDB), que j\u00e1 contava com o novo partido Mobiliza\u00e7\u00e3o Democr\u00e1tica (MD) para servir de \u201cjanela\u201d a aliados, o PMN dever\u00e1 cancelar oficialmente a fus\u00e3o com o PPS durante conven\u00e7\u00e3o amanh\u00e3 (28), em S\u00e3o Paulo. De acordo com\u00a0 secret\u00e1ria-nacional do PMN, Telma Ribeiro, \u201cesta \u00e9 a segunda tentativa frustrada de uni\u00e3o entre as duas siglas\u201d. A primeira foi em 2006.<\/span><\/p>\n<p>&nbsp;<\/p>\n<p><b>Desrespeito<\/b><\/p>\n<p>O PMN reclama que, depois de anunciar aos quatro cantos a fus\u00e3o, o PPS passou a postergar o processo de cria\u00e7\u00e3o do partido MD.<\/p>\n<p>&nbsp;<\/p>\n<p><b>T\u00f4 nem a\u00ed <\/b><\/p>\n<p>Procurada pelo PPS, Telma \u2013 que estava em Buenos Aires \u2013 mandou o partido tentar demover os presidentes estaduais de sepultar a fus\u00e3o.<\/p>\n<p>&nbsp;<\/p>\n<p><b>Sem concilia\u00e7\u00e3o <\/b><\/p>\n<p>Presidente do PPS, Roberto Freire fez um apelo ao PMN para esperar a resposta do TSE \u00e0 consulta sobre portabilidade do tempo de TV.<\/p>\n<p>&nbsp;<\/p>\n<p><b>Hora \u00e9 agora<\/b><\/p>\n<p>Segundo Freire, \u201ccom ou sem o PMN\u201d, o PPS manter\u00e1 o objetivo inicial de fortalecer a oposi\u00e7\u00e3o para derrotar o PT, j\u00e1 desgastado, em 2014.<\/p>\n<p><strong>Enviada Por Cl\u00e1udio Humberto<\/strong><\/p>\n","protected":false},"excerpt":{"rendered":"<div class=\"mh-excerpt\"><p>Contrariando os planos do ex-governador Jos\u00e9 Serra (PSDB), que j\u00e1 contava com o novo partido Mobiliza\u00e7\u00e3o Democr\u00e1tica (MD) para servir de \u201cjanela\u201d a aliados, o <a class=\"mh-excerpt-more\" href=\"https:\/\/folhaderondonianews.com\/news\/2013\/07\/27\/fusao-do-pps-com-pmn-vai-por-agua-abaixo\/\" title=\"Fus\u00e3o do PPS com PMN vai por \u00e1gua abaixo\">[&#8230;]<\/a><\/p>\n<\/div>","protected":false},"author":1,"featured_media":0,"comment_status":"open","ping_status":"closed","sticky":false,"template":"","format":"standard","meta":{"footnotes":""},"categories":[8],"tags":[],"class_list":["post-1362","post","type-post","status-publish","format-standard","hentry","category-coluna-do-gutierrez"],"_links":{"self":[{"href":"https:\/\/folhaderondonianews.com\/news\/wp-json\/wp\/v2\/posts\/1362","targetHints":{"allow":["GET"]}}],"collection":[{"href":"https:\/\/folhaderondonianews.com\/news\/wp-json\/wp\/v2\/posts"}],"about":[{"href":"https:\/\/folhaderondonianews.com\/news\/wp-json\/wp\/v2\/types\/post"}],"author":[{"embeddable":true,"href":"https:\/\/folhaderondonianews.com\/news\/wp-json\/wp\/v2\/users\/1"}],"replies":[{"embeddable":true,"href":"https:\/\/folhaderondonianews.com\/news\/wp-json\/wp\/v2\/comments?post=1362"}],"version-history":[{"count":0,"href":"https:\/\/folhaderondonianews.com\/news\/wp-json\/wp\/v2\/posts\/1362\/revisions"}],"wp:attachment":[{"href":"https:\/\/folhaderondonianews.com\/news\/wp-json\/wp\/v2\/media?parent=1362"}],"wp:term":[{"taxonomy":"category","embeddable":true,"href":"https:\/\/folhaderondonianews.com\/news\/wp-json\/wp\/v2\/categories?post=1362"},{"taxonomy":"post_tag","embeddable":true,"href":"https:\/\/folhaderondonianews.com\/news\/wp-json\/wp\/v2\/tags?post=1362"}],"curies":[{"name":"wp","href":"https:\/\/api.w.org\/{rel}","templated":true}]}}