{"id":1367,"date":"2013-07-27T12:01:28","date_gmt":"2013-07-27T16:01:28","guid":{"rendered":"http:\/\/folhaderondonianews.com\/news\/?p=1367"},"modified":"2013-07-27T12:01:28","modified_gmt":"2013-07-27T16:01:28","slug":"pao-aqui-e-na-bolivia-esta-caro-por-culpa-da-argentina","status":"publish","type":"post","link":"https:\/\/folhaderondonianews.com\/news\/2013\/07\/27\/pao-aqui-e-na-bolivia-esta-caro-por-culpa-da-argentina\/","title":{"rendered":"P\u00e3o aqui e na Bol\u00edvia est\u00e1 caro por culpa da Argentina"},"content":{"rendered":"<p><b>Mercotolos<\/b><\/p>\n<p>Al\u00e9m do Brasil, a Bol\u00edvia tamb\u00e9m sofre com alta do pre\u00e7o do p\u00e3o, ap\u00f3s a Argentina privilegiar o mercado interno do trigo para repor perdas.<\/p>\n<p>&nbsp;<\/p>\n<p><b>Noves fora<\/b><\/p>\n<p>O deputado M\u00e1rio Feitosa (CE) garante que o PMDB aceita reduzir os cargos na Esplanada: \u201cHoje n\u00e3o temos um minist\u00e9rio de verdade\u201d.<\/p>\n<p>&nbsp;<\/p>\n<p><b>Tiro no p\u00e9<\/b><\/p>\n<p>Revoltados com a negativa do governo em conceder aumento salarial, funcion\u00e1rios da Infraero amea\u00e7am entrar em greve na quarta (31). Fontes do Planalto dizem que \u00e9 tudo o que Dilma quer para justificar a privatiza\u00e7\u00e3o j\u00e1 em vias dos aeroportos de Gale\u00e3o (RJ) e Confins (MG).<\/p>\n<p><b>GPS falhou<\/b><b><\/b><\/p>\n<p>Integrante do rec\u00e9m-formado Bras\u00edlia V\u00f4lei, Elis\u00e2ngela chegou \u00e0 capital e saiu de carro procurando um lugar para morar. Avistou o que julgou ser um condom\u00ednio apraz\u00edvel, e perguntou na portaria se havia im\u00f3vel para alugar. Soube ent\u00e3o que era a resid\u00eancia oficial do governador.<\/p>\n<p>&nbsp;<\/p>\n<p><b>Taxa de sucesso<\/b><\/p>\n<p>Inexistente em S\u00e3o Paulo e em v\u00e1rios pa\u00edses desenvolvidos, o registro Radar da Receita, para exportar e importar, custa R$12 mil no Rio para expedi\u00e7\u00e3o em 15 dias, com um despachante cobrando antes 50%.<\/p>\n<p>&nbsp;<\/p>\n<p><b>Investimento<\/b><b><\/b><\/p>\n<p>O embaixador da Tail\u00e2ndia, Tharit Charungvat, em visita ao superintendente da Suframa, Thomaz Nogueira, revelou que uma f\u00e1brica de autope\u00e7as do seu pa\u00eds vai se instalar no polo de Manaus.<\/p>\n<p>&nbsp;<\/p>\n<p><b>O pior dos mundos<\/b><\/p>\n<p>O Itamaraty deve R$800 mil em atrasados \u00e0 ex-vice-c\u00f4nsul do Brasil em Cingapura, Aurea Domenech, reintegrada na Justi\u00e7a em 2006. Doente, teme ser exonerada ap\u00f3s negarem o atestado para licen\u00e7a.<\/p>\n<p>&nbsp;<\/p>\n<p><b>Bota f\u00e9<\/b><\/p>\n<p>A divers\u00e3o ontem no Twitter foi pedir ao papa Francisco que tranque do lado de fora o prefeito Eduardo Paes e o governador S\u00e9rgio Cabral (PMDB), que lhe entregaram as chaves do Rio, como \u00e9 tradi\u00e7\u00e3o.<\/p>\n<p>&nbsp;<\/p>\n<p><b>Fa\u00e7a o que digo&#8230;<\/b><\/p>\n<p>Preparado para desembolsar R$ 6,5 milh\u00f5es em reforma mobili\u00e1ria, o TCU lan\u00e7ou uma cartilha para orientar \u00f3rg\u00e3os e entidades governamentais na contrata\u00e7\u00e3o e fiscaliza\u00e7\u00e3o de obras p\u00fablicas.<\/p>\n<p><b>Piada boliviana<\/b><\/p>\n<p>Chanceler da Bol\u00edvia, David Choquehuanca reiterou na imprensa local que o governo do cocaleiro Evo Morales n\u00e3o poder\u00e1 dar salvo-conduto ao senador de oposi\u00e7\u00e3o Roger Pinto para n\u00e3o se prejudicar com uma \u201cilegalidade\u201d, porque a Bol\u00edvia \u201ccumpre leis internacionais\u201d. At\u00e9 parece..<\/p>\n<p>&nbsp;<\/p>\n<p><b>Pensando bem&#8230;<\/b><\/p>\n<p>&#8230; Santos Dumont n\u00e3o deve ter gostado do ministro indefeso Amorim presidir os festejos dos 140 anos de seu nascimento.<\/p>\n<p>&nbsp;<\/p>\n<p>enviado por Cl\u00e1udio Humberto<\/p>\n","protected":false},"excerpt":{"rendered":"<div class=\"mh-excerpt\"><p>Mercotolos Al\u00e9m do Brasil, a Bol\u00edvia tamb\u00e9m sofre com alta do pre\u00e7o do p\u00e3o, ap\u00f3s a Argentina privilegiar o mercado interno do trigo para repor <a class=\"mh-excerpt-more\" href=\"https:\/\/folhaderondonianews.com\/news\/2013\/07\/27\/pao-aqui-e-na-bolivia-esta-caro-por-culpa-da-argentina\/\" title=\"P\u00e3o aqui e na Bol\u00edvia est\u00e1 caro por culpa da Argentina\">[&#8230;]<\/a><\/p>\n<\/div>","protected":false},"author":1,"featured_media":0,"comment_status":"open","ping_status":"closed","sticky":false,"template":"","format":"standard","meta":{"footnotes":""},"categories":[8],"tags":[],"class_list":["post-1367","post","type-post","status-publish","format-standard","hentry","category-coluna-do-gutierrez"],"_links":{"self":[{"href":"https:\/\/folhaderondonianews.com\/news\/wp-json\/wp\/v2\/posts\/1367","targetHints":{"allow":["GET"]}}],"collection":[{"href":"https:\/\/folhaderondonianews.com\/news\/wp-json\/wp\/v2\/posts"}],"about":[{"href":"https:\/\/folhaderondonianews.com\/news\/wp-json\/wp\/v2\/types\/post"}],"author":[{"embeddable":true,"href":"https:\/\/folhaderondonianews.com\/news\/wp-json\/wp\/v2\/users\/1"}],"replies":[{"embeddable":true,"href":"https:\/\/folhaderondonianews.com\/news\/wp-json\/wp\/v2\/comments?post=1367"}],"version-history":[{"count":0,"href":"https:\/\/folhaderondonianews.com\/news\/wp-json\/wp\/v2\/posts\/1367\/revisions"}],"wp:attachment":[{"href":"https:\/\/folhaderondonianews.com\/news\/wp-json\/wp\/v2\/media?parent=1367"}],"wp:term":[{"taxonomy":"category","embeddable":true,"href":"https:\/\/folhaderondonianews.com\/news\/wp-json\/wp\/v2\/categories?post=1367"},{"taxonomy":"post_tag","embeddable":true,"href":"https:\/\/folhaderondonianews.com\/news\/wp-json\/wp\/v2\/tags?post=1367"}],"curies":[{"name":"wp","href":"https:\/\/api.w.org\/{rel}","templated":true}]}}