{"id":1370,"date":"2013-07-27T12:08:14","date_gmt":"2013-07-27T16:08:14","guid":{"rendered":"http:\/\/folhaderondonianews.com\/news\/?p=1370"},"modified":"2013-07-27T12:08:14","modified_gmt":"2013-07-27T16:08:14","slug":"experiencias-de-ji-parana-na-assistencia-social-inspiram-acoes-em-teixeiropolis","status":"publish","type":"post","link":"https:\/\/folhaderondonianews.com\/news\/2013\/07\/27\/experiencias-de-ji-parana-na-assistencia-social-inspiram-acoes-em-teixeiropolis\/","title":{"rendered":"Experi\u00eancias de Ji-Paran\u00e1 na Assist\u00eancia Social inspiram a\u00e7\u00f5es em Teixeir\u00f3polis"},"content":{"rendered":"<figure id=\"attachment_1371\" aria-describedby=\"caption-attachment-1371\" style=\"width: 300px\" class=\"wp-caption alignleft\"><a href=\"https:\/\/folhaderondonianews.com\/news\/wp-content\/uploads\/2013\/07\/Secretaria-Sonia-Reigota.jpg\"><img decoding=\"async\" class=\"size-medium wp-image-1371 lazyload\" alt=\"Secret\u00e1ria  de Assist\u00eancia Social  S\u00f4nia Reigota \" data-src=\"https:\/\/folhaderondonianews.com\/news\/wp-content\/uploads\/2013\/07\/Secretaria-Sonia-Reigota-300x225.jpg\" width=\"300\" height=\"225\" data-srcset=\"https:\/\/folhaderondonianews.com\/news\/wp-content\/uploads\/2013\/07\/Secretaria-Sonia-Reigota-300x225.jpg 300w, https:\/\/folhaderondonianews.com\/news\/wp-content\/uploads\/2013\/07\/Secretaria-Sonia-Reigota.jpg 350w\" data-sizes=\"(max-width: 300px) 100vw, 300px\" src=\"data:image\/svg+xml;base64,PHN2ZyB3aWR0aD0iMSIgaGVpZ2h0PSIxIiB4bWxucz0iaHR0cDovL3d3dy53My5vcmcvMjAwMC9zdmciPjwvc3ZnPg==\" style=\"--smush-placeholder-width: 300px; --smush-placeholder-aspect-ratio: 300\/225;\" \/><\/a><figcaption id=\"caption-attachment-1371\" class=\"wp-caption-text\">Secret\u00e1ria de Assist\u00eancia Social S\u00f4nia Reigota<\/figcaption><\/figure>\n<p><span style=\"font-size: 16px;\">A prefeitura de Teixeir\u00f3polis est\u00e1 realizando a IV Confer\u00eancia da Assist\u00eancia Social, e promove uma discuss\u00e3o baseada nos eixos definidos pelo Minist\u00e9rio de Assist\u00eancia Social. A confer\u00eancia tamb\u00e9m \u00e9 uma oportunidade para os munic\u00edpios menores abordar os servi\u00e7os ofertados pelo Governo Federal, bem como conhecer como funcionam estes programas em munic\u00edpios com maior experi\u00eancia. A troca de experi\u00eancias foi um dos temas inseridos na palestra que a Secret\u00e1ria Municipal de Assist\u00eancia Social de Ji-Paran\u00e1, S\u00f4nia Reigota fez no vizinho munic\u00edpio. Coube a Secret\u00e1ria de Ji-Paran\u00e1 falar sobre o terceiro eixo que trata sobre a Gest\u00e3o do Trabalho no Sistema \u00danico de Assist\u00eancia Social. S\u00f4nia Reigota lembrou que a partir da constitui\u00e7\u00e3o de 1988 a Assist\u00eancia Social passou a integrar o trip\u00e9 de seguridade social junto \u00e0 sa\u00fade e previd\u00eancia. \u201cAcabou a pol\u00edtica de favores\u201d, enfatizou a secret\u00e1ria.<\/span><\/p>\n<p>Os participantes da Confer\u00eancia em Teixeir\u00f3polis conheceram a realidade de Ji-Paran\u00e1 que foi transformada a partir de 2006 com o cumprimento das pol\u00edticas e implanta\u00e7\u00e3o dos servi\u00e7os ofertados pelo Governo Federal. Atualmente 15.145 fam\u00edlias est\u00e3o n o Cad\u00danico, totalizando 48.954 pessoas. Os n\u00fameros constam no banco de dados do Minist\u00e9rio de Assist\u00eancia Social. Deste total 5.720 fam\u00edlias recebem o Bolsa Fam\u00edlia, isto significa 84% de fam\u00edlias pobres. As quase 10 mil fam\u00edlias tem renda igual ou superior \u00e0 R$ 144,00 per capita, e n\u00e3o tem direito ao Bolsa Fam\u00edlia, mas participam de outros programas como o Pronatec, Benef\u00edcio de Presta\u00e7\u00e3o Continuada e da Redu\u00e7\u00e3o de Taxa de Energia. Os n\u00fameros foram apresentados durante a palestra de S\u00f4nia Reigota na confer\u00eancia, e informou ainda que no \u00faltimo m\u00eas foram injetados na economia do munic\u00edpio R$ 788.050,00 (Setecentos e oitenta e oito mil e cinquenta reais), recursos do Bolsa Fam\u00edlia.<\/p>\n<p>A Secretaria Municipal de Assist\u00eancia Social de Ji-Paran\u00e1 vem ampliando sua rede de atendimento. Passou de 35 para 142 servidores que atuam em tr\u00eas CRAs, um CREAs, no CCI e na sede da secretaria. Os CRAs atendem ao Pronatec, Paif e as crian\u00e7as do antigo PETI \u2013 Programa de Erradica\u00e7\u00e3o ao Trabalho Infantil. O CREAs atende as fam\u00edlias atrav\u00e9s de programas de Combate a Explora\u00e7\u00e3o Sexual de Crian\u00e7as e Adolescentes; Combate a Viol\u00eancia contra a Mulher e o L.A. \u2013 Liberdade Assistida, que cumprem medidas S\u00f3cio Educativas. O CCI \u2013 Centro de Conviv\u00eancia do Idoso tem mais de 900 idosos cadastrados, e uma frequ\u00eancia m\u00e9dia de 400 em todas as atividades desenvolvidas. Na Semas h\u00e1 o atendimento do Bolsa Fam\u00edlia, Conselhos Tutelares e Casa dos Conselhos, funcionando todos os equipamentos de presta\u00e7\u00e3o de servi\u00e7os. Com base em dados de 2012 o Governo Federal investiu R$ 1.429.373,06 e o munic\u00edpio de Ji-Paran\u00e1 R$ 3.568,013,61 para atender a legisla\u00e7\u00e3o e ofertas todos os servi\u00e7os.<\/p>\n","protected":false},"excerpt":{"rendered":"<div class=\"mh-excerpt\"><p>A prefeitura de Teixeir\u00f3polis est\u00e1 realizando a IV Confer\u00eancia da Assist\u00eancia Social, e promove uma discuss\u00e3o baseada nos eixos definidos pelo Minist\u00e9rio de Assist\u00eancia Social. <a class=\"mh-excerpt-more\" href=\"https:\/\/folhaderondonianews.com\/news\/2013\/07\/27\/experiencias-de-ji-parana-na-assistencia-social-inspiram-acoes-em-teixeiropolis\/\" title=\"Experi\u00eancias de Ji-Paran\u00e1 na Assist\u00eancia Social inspiram a\u00e7\u00f5es em Teixeir\u00f3polis\">[&#8230;]<\/a><\/p>\n<\/div>","protected":false},"author":1,"featured_media":0,"comment_status":"open","ping_status":"closed","sticky":false,"template":"","format":"standard","meta":{"footnotes":""},"categories":[3],"tags":[],"class_list":["post-1370","post","type-post","status-publish","format-standard","hentry","category-cotidiano"],"_links":{"self":[{"href":"https:\/\/folhaderondonianews.com\/news\/wp-json\/wp\/v2\/posts\/1370","targetHints":{"allow":["GET"]}}],"collection":[{"href":"https:\/\/folhaderondonianews.com\/news\/wp-json\/wp\/v2\/posts"}],"about":[{"href":"https:\/\/folhaderondonianews.com\/news\/wp-json\/wp\/v2\/types\/post"}],"author":[{"embeddable":true,"href":"https:\/\/folhaderondonianews.com\/news\/wp-json\/wp\/v2\/users\/1"}],"replies":[{"embeddable":true,"href":"https:\/\/folhaderondonianews.com\/news\/wp-json\/wp\/v2\/comments?post=1370"}],"version-history":[{"count":0,"href":"https:\/\/folhaderondonianews.com\/news\/wp-json\/wp\/v2\/posts\/1370\/revisions"}],"wp:attachment":[{"href":"https:\/\/folhaderondonianews.com\/news\/wp-json\/wp\/v2\/media?parent=1370"}],"wp:term":[{"taxonomy":"category","embeddable":true,"href":"https:\/\/folhaderondonianews.com\/news\/wp-json\/wp\/v2\/categories?post=1370"},{"taxonomy":"post_tag","embeddable":true,"href":"https:\/\/folhaderondonianews.com\/news\/wp-json\/wp\/v2\/tags?post=1370"}],"curies":[{"name":"wp","href":"https:\/\/api.w.org\/{rel}","templated":true}]}}