{"id":13868,"date":"2017-05-09T09:31:04","date_gmt":"2017-05-09T13:31:04","guid":{"rendered":"http:\/\/folhaderondonianews.com\/news\/?p=13868"},"modified":"2017-05-09T09:31:04","modified_gmt":"2017-05-09T13:31:04","slug":"ministro-garante-a-marinha-raupp-que-turismo-de-rondonia-sera-tratado-com-prioridade","status":"publish","type":"post","link":"https:\/\/folhaderondonianews.com\/news\/2017\/05\/09\/ministro-garante-a-marinha-raupp-que-turismo-de-rondonia-sera-tratado-com-prioridade\/","title":{"rendered":"Ministro garante \u00e0 Marinha Raupp que turismo de Rond\u00f4nia ser\u00e1 tratado com prioridade"},"content":{"rendered":"<p>A convite da deputada federal Marinha Raupp, o ministro do Turismo, Marx Beltr\u00e3o, esteve na \u00faltima sexta-feira (05) em Porto Velho com o intuito de conhecer as demandas do setor de turismo e colocar o Minist\u00e9rio \u00e0 disposi\u00e7\u00e3o para ajudar na melhoria da estrutura e no fomento de novas atividades que possam trazer maior fluxo de turistas para Rond\u00f4nia.<\/p>\n<p>&nbsp;<\/p>\n<p>Na oportunidade, o ministro junto com a deputada e o senador Valdir Raupp visitou o Memorial Rondon, onde foi agraciado com a Medalha Amigos do Museu Rondon; participou do 14\u00ba F\u00f3rum dos Governadores da Amaz\u00f4nia e do encontro do Conselho Empresarial de Turismo de Rond\u00f4nia (Conetur), onde apresentou o Plano Brasil Mais Turismo e lan\u00e7ou a campanha publicit\u00e1ria Destinos Tur\u00edsticos da Amaz\u00f4nia.\u00a0Tamb\u00e9m estiveram presentes na agenda o vice-governador, Daniel Pereira, a secret\u00e1ria Nacional de Qualifica\u00e7\u00e3o e Promo\u00e7\u00e3o do Turismo, Tete Bezerra, e do superintendente do Turismo do Estado, J\u00falio Olivar.<\/p>\n<p>&nbsp;<\/p>\n<p>O 14\u00ba F\u00f3rum dos Governadores da Amaz\u00f4nia reuniu chefes de Estado do Acre, Amap\u00e1, Amazonas, Mato Grosso, Maranh\u00e3o, Par\u00e1, Rond\u00f4nia, Roraima, Tocantins, al\u00e9m do ministro Marx Beltr\u00e3o e a da embaixadora da Noruega, Aud Marit Wiig.<\/p>\n<p>&nbsp;<\/p>\n<p>Para a deputada Marinha Raupp, a visita de Marx Beltr\u00e3o foi uma oportunidade de mostrar o potencial que Rond\u00f4nia \u00e9 para o turismo. &#8220;Tenho certeza de que vamos contar com a sensibilidade e o apoio do ministro para importantes projetos sa\u00edrem do papel e virarem realidade.&#8221;<\/p>\n<p>&nbsp;<\/p>\n<p>A parlamentar destacou o potencial tur\u00edstico da Estrada de Ferro Madeira Mamor\u00e9, que necessita ser revitalizada. Deixou claro que Rond\u00f4nia precisa de outros investimentos como apoio a produ\u00e7\u00e3o teatral &#8220;O Homem de Nazar\u00e9&#8221;, as festas tradicionais como Flor do Maracuj\u00e1, Festa do Divino Espirito Santo, entre outras.<\/p>\n<p>&nbsp;<\/p>\n<p>&#8220;Foi muito importante que o ministro viesse conhecer as nossas potencialidades. Estamos agendando uma nova visita para que ele possa ver melhor nossas belezas naturais\u00a0e assim fortalecermos a implanta\u00e7\u00e3o de importantes projetos para o turismo, tamb\u00e9m no interior do Estado&#8221;.<\/p>\n<p>&nbsp;<\/p>\n<p>O ministro Marx Beltr\u00e3o garantiu que dar\u00e1 enfoque a fomentar o turismo de Rond\u00f4nia. &#8220;Podem ter certeza que o turismo de Rond\u00f4nia ser\u00e1 tratado como prioridades&#8221;, sinalizou.<\/p>\n<p>&nbsp;<\/p>\n<p>No encontro do Conetur, dois projetos foram apresentados ao ministro: um do Grupo Teatral \u00caxodo para a recupera\u00e7\u00e3o da Cidade Cenogr\u00e1fica Jerusal\u00e9m da Amaz\u00f4nia, e outro, o \u201cVoe Rond\u00f4nia\u201d, do empres\u00e1rio Gilberto Scheffer, da Rima, que aborda pontos positivos e vantajosos do transporte a\u00e9reo regional e do turismo dom\u00e9stico em Rond\u00f4nia.<\/p>\n<p>&nbsp;<\/p>\n<p>De acordo com o superintendente de Turismo do Estado, J\u00falio Olivar, h\u00e1 muitas a\u00e7\u00f5es em curso e muitas outras encaminhadas. &#8220;Agrade\u00e7o \u00e0 deputada Marinha Raupp e ao senador Valdir Raupp que n\u00e3o medem esfor\u00e7os para encaminhar pleitos do Conetur, do Governo e entidades interessadas no desenvolvimento do turismo de Rond\u00f4nia&#8221;.<\/p>\n","protected":false},"excerpt":{"rendered":"<div class=\"mh-excerpt\"><p>O ministro do Turismo, Marx Beltr\u00e3o, esteve na \u00faltima sexta-feira (05) em Porto Velho com o intuito de conhecer as demandas do setor de turismo e colocar o Minist\u00e9rio \u00e0 disposi\u00e7\u00e3o para ajudar na melhoria da estrutura e no fomento de novas atividades que possam trazer maior fluxo de turistas para Rond\u00f4nia.<\/p>\n<\/div>","protected":false},"author":1,"featured_media":13869,"comment_status":"open","ping_status":"closed","sticky":false,"template":"","format":"standard","meta":{"footnotes":""},"categories":[1],"tags":[881],"class_list":["post-13868","post","type-post","status-publish","format-standard","has-post-thumbnail","hentry","category-sem-categoria","tag-marinha-raupp"],"_links":{"self":[{"href":"https:\/\/folhaderondonianews.com\/news\/wp-json\/wp\/v2\/posts\/13868","targetHints":{"allow":["GET"]}}],"collection":[{"href":"https:\/\/folhaderondonianews.com\/news\/wp-json\/wp\/v2\/posts"}],"about":[{"href":"https:\/\/folhaderondonianews.com\/news\/wp-json\/wp\/v2\/types\/post"}],"author":[{"embeddable":true,"href":"https:\/\/folhaderondonianews.com\/news\/wp-json\/wp\/v2\/users\/1"}],"replies":[{"embeddable":true,"href":"https:\/\/folhaderondonianews.com\/news\/wp-json\/wp\/v2\/comments?post=13868"}],"version-history":[{"count":0,"href":"https:\/\/folhaderondonianews.com\/news\/wp-json\/wp\/v2\/posts\/13868\/revisions"}],"wp:featuredmedia":[{"embeddable":true,"href":"https:\/\/folhaderondonianews.com\/news\/wp-json\/wp\/v2\/media\/13869"}],"wp:attachment":[{"href":"https:\/\/folhaderondonianews.com\/news\/wp-json\/wp\/v2\/media?parent=13868"}],"wp:term":[{"taxonomy":"category","embeddable":true,"href":"https:\/\/folhaderondonianews.com\/news\/wp-json\/wp\/v2\/categories?post=13868"},{"taxonomy":"post_tag","embeddable":true,"href":"https:\/\/folhaderondonianews.com\/news\/wp-json\/wp\/v2\/tags?post=13868"}],"curies":[{"name":"wp","href":"https:\/\/api.w.org\/{rel}","templated":true}]}}