{"id":1390,"date":"2013-07-29T12:06:44","date_gmt":"2013-07-29T16:06:44","guid":{"rendered":"http:\/\/folhaderondonianews.com\/news\/?p=1390"},"modified":"2013-07-29T14:48:46","modified_gmt":"2013-07-29T18:48:46","slug":"da-serie-meu-fi-duma-egua-quer-o-voto-do-seu","status":"publish","type":"post","link":"https:\/\/folhaderondonianews.com\/news\/2013\/07\/29\/da-serie-meu-fi-duma-egua-quer-o-voto-do-seu\/","title":{"rendered":"Da s\u00e9rie, meu-fi-duma-\u00e9gua quer o voto do seu"},"content":{"rendered":"<p><span style=\"font-size: 16px;\"><a href=\"https:\/\/folhaderondonianews.com\/news\/wp-content\/uploads\/2013\/05\/Muttley-small.gif\"><img decoding=\"async\" class=\"alignleft  wp-image-277 lazyload\" alt=\"Muttley-small\" data-src=\"https:\/\/folhaderondonianews.com\/news\/wp-content\/uploads\/2013\/05\/Muttley-small.gif\" width=\"67\" height=\"104\" src=\"data:image\/svg+xml;base64,PHN2ZyB3aWR0aD0iMSIgaGVpZ2h0PSIxIiB4bWxucz0iaHR0cDovL3d3dy53My5vcmcvMjAwMC9zdmciPjwvc3ZnPg==\" style=\"--smush-placeholder-width: 67px; --smush-placeholder-aspect-ratio: 67\/104;\" \/><\/a>Virou moda mesmo: boa parte dos pol\u00edticos est\u00e1 ingressando a prole na pol\u00edtica. A promessa \u00e9 de que muitos filhos de pol\u00edticos ser\u00e3o candidatos em 2014.<\/span><\/p>\n<p><b>Algo estranho no ar<\/b><\/p>\n<p>Porto Velho est\u00e1 igual chul\u00e9: no come\u00e7o espanta, depois a gente acostuma. A cidade est\u00e1 judiada, tadinha. \u00d4, povo azarado!!!<\/p>\n<p><b>O Oscar de pior\u00a0 vai para&#8230; <\/b><\/p>\n<p>Mauro Nazif s\u00f3 n\u00e3o \u00e9 o prior prefeito da hist\u00f3ria de Porto Velho, porque ele s\u00f3 est\u00e1 h\u00e1 seis meses no comando da prefeitura. Mas, tem tudo para vencer essa parada.<\/p>\n<p><b style=\"font-size: 16px;\">Banido do PTC<\/b><\/p>\n<p>O vereador de Porto Velho Jair Montes (PTC) ser\u00e1 expulso do partido. Pelo menos \u00e9 isso o que pretende a Executiva Nacional do partido ao intervir no PTC de Rond\u00f4nia.<\/p>\n<p>Tudo bem que o vereador Jair Montes, assim como outros pol\u00edticos, est\u00e1 sendo investigado por associa\u00e7\u00e3o ao narcotr\u00e1fico, mas, o que fica claro nesse epis\u00f3dio, \u00e9 o que eu h\u00e1 mais 30 anos venho dizendo: os partidos deveriam rasgar o estatuto deles e troc\u00e1-lo por apenas uma artigo: \u201cN\u00e3o sejas flagrado. Se isso acontecer, n\u00e3o te conhe\u00e7o\u201d.<\/p>\n<p><b>Desembargador \u00e0 vista<\/b><\/p>\n<p>A Ordem dos Advogados do Brasil em Rond\u00f4nia deve abrir inscri\u00e7\u00e3o para fazer a lista com os seis nomes que concorrer\u00e1 a uma vaga de desembargador no Tribunal de Justi\u00e7a. Vale lembrar que, segundo a regra, tr\u00eas nomes da lista ser\u00e3o selecionados pelo Tribunal de Justi\u00e7a. A partir da\u00ed, o governador do Estado escolhe o substituto. Ali\u00e1s, neste ano existem duas vagas a serem preenchidas.<\/p>\n","protected":false},"excerpt":{"rendered":"<div class=\"mh-excerpt\"><p>Virou moda mesmo: boa parte dos pol\u00edticos est\u00e1 ingressando a prole na pol\u00edtica. A promessa \u00e9 de que muitos filhos de pol\u00edticos ser\u00e3o candidatos em <a class=\"mh-excerpt-more\" href=\"https:\/\/folhaderondonianews.com\/news\/2013\/07\/29\/da-serie-meu-fi-duma-egua-quer-o-voto-do-seu\/\" title=\"Da s\u00e9rie, meu-fi-duma-\u00e9gua quer o voto do seu\">[&#8230;]<\/a><\/p>\n<\/div>","protected":false},"author":1,"featured_media":0,"comment_status":"open","ping_status":"closed","sticky":false,"template":"","format":"standard","meta":{"footnotes":""},"categories":[8,3],"tags":[],"class_list":["post-1390","post","type-post","status-publish","format-standard","hentry","category-coluna-do-gutierrez","category-cotidiano"],"_links":{"self":[{"href":"https:\/\/folhaderondonianews.com\/news\/wp-json\/wp\/v2\/posts\/1390","targetHints":{"allow":["GET"]}}],"collection":[{"href":"https:\/\/folhaderondonianews.com\/news\/wp-json\/wp\/v2\/posts"}],"about":[{"href":"https:\/\/folhaderondonianews.com\/news\/wp-json\/wp\/v2\/types\/post"}],"author":[{"embeddable":true,"href":"https:\/\/folhaderondonianews.com\/news\/wp-json\/wp\/v2\/users\/1"}],"replies":[{"embeddable":true,"href":"https:\/\/folhaderondonianews.com\/news\/wp-json\/wp\/v2\/comments?post=1390"}],"version-history":[{"count":0,"href":"https:\/\/folhaderondonianews.com\/news\/wp-json\/wp\/v2\/posts\/1390\/revisions"}],"wp:attachment":[{"href":"https:\/\/folhaderondonianews.com\/news\/wp-json\/wp\/v2\/media?parent=1390"}],"wp:term":[{"taxonomy":"category","embeddable":true,"href":"https:\/\/folhaderondonianews.com\/news\/wp-json\/wp\/v2\/categories?post=1390"},{"taxonomy":"post_tag","embeddable":true,"href":"https:\/\/folhaderondonianews.com\/news\/wp-json\/wp\/v2\/tags?post=1390"}],"curies":[{"name":"wp","href":"https:\/\/api.w.org\/{rel}","templated":true}]}}