{"id":1417,"date":"2013-07-29T23:39:45","date_gmt":"2013-07-30T03:39:45","guid":{"rendered":"http:\/\/folhaderondonianews.com\/news\/?p=1417"},"modified":"2019-03-08T21:46:18","modified_gmt":"2019-03-09T01:46:18","slug":"ostentacao-ao-4x4","status":"publish","type":"post","link":"https:\/\/folhaderondonianews.com\/news\/2013\/07\/29\/ostentacao-ao-4x4\/","title":{"rendered":"Ostenta\u00e7\u00e3o ao 4&#215;4"},"content":{"rendered":"<p>Voc\u00ea percebeu que deputado adora caminhonete de \u00faltima gera\u00e7\u00e3o? Pois \u00e9, o Papa Francisco veio ao Brasil e andou de carro popular, assim como faz no Vaticano.<\/p>\n<p>Ao contr\u00e1rio da comitiva presidencial que foi \u00e0 It\u00e1lia e, ao inv\u00e9s de se hospedar nos aposentos da embaixada, cujos quartos s\u00e3o de primeira categoria, resolve gastar absurdo em Euros se hospedando em hotel Cinco Estrelas.<\/p>\n<p>Mas isso n\u00e3o \u00e9 nada: quem paga a conta e a gente mesmo!<\/p>\n<p><b>Vel\u00f3rio Pol\u00edtico<\/b><\/p>\n<p>A pol\u00edtica em Ji-Paran\u00e1 est\u00e1 t\u00e3o sem gra\u00e7a. Ningu\u00e9m faz nada, Ningu\u00e9m fala nada. Nem os vereadores que adoravam fazer oposi\u00e7\u00e3o est\u00e3o se movimentando. Do jeito que as coisas est\u00e3o indo, daqui a pouco vamos ter que convidar a S\u00f4nia Abra\u00e3o pra comentar a pol\u00edtica de Ji-Paran\u00e1. Ali\u00e1s, essa calmaria pol\u00edtica, que mais parece vel\u00f3rio, \u00e9 muito estranha. Isso faz lembrar comportamento de crian\u00e7a. Quando est\u00e3o muito quietinhos, pode esperar que est\u00e3o fazendo arte.<\/p>\n<p><strong>Tem gente querendo processar o Tiririca<\/strong><\/p>\n<p>N\u00e3o foi ele quem disse que, se eleg\u00ea-lo, pior que est\u00e3o n\u00e3o fica? Pois \u00e9, tem protesto at\u00e9 de sapat\u00e3o pais afora!! \u00c9 tanto protesto que tem prefeito xingando o prefeito da cidade quando bate o carro num buraco!!!<\/p>\n","protected":false},"excerpt":{"rendered":"<div class=\"mh-excerpt\"><p>Voc\u00ea percebeu que deputado adora caminhonete de \u00faltima gera\u00e7\u00e3o? Pois \u00e9, o Papa Francisco veio ao Brasil e andou de carro popular, assim como faz <a class=\"mh-excerpt-more\" href=\"https:\/\/folhaderondonianews.com\/news\/2013\/07\/29\/ostentacao-ao-4x4\/\" title=\"Ostenta\u00e7\u00e3o ao 4&#215;4\">[&#8230;]<\/a><\/p>\n<\/div>","protected":false},"author":1,"featured_media":0,"comment_status":"open","ping_status":"closed","sticky":false,"template":"","format":"standard","meta":{"footnotes":""},"categories":[1],"tags":[4475,4474],"class_list":["post-1417","post","type-post","status-publish","format-standard","hentry","category-sem-categoria","tag-4x4","tag-ostentacao"],"_links":{"self":[{"href":"https:\/\/folhaderondonianews.com\/news\/wp-json\/wp\/v2\/posts\/1417","targetHints":{"allow":["GET"]}}],"collection":[{"href":"https:\/\/folhaderondonianews.com\/news\/wp-json\/wp\/v2\/posts"}],"about":[{"href":"https:\/\/folhaderondonianews.com\/news\/wp-json\/wp\/v2\/types\/post"}],"author":[{"embeddable":true,"href":"https:\/\/folhaderondonianews.com\/news\/wp-json\/wp\/v2\/users\/1"}],"replies":[{"embeddable":true,"href":"https:\/\/folhaderondonianews.com\/news\/wp-json\/wp\/v2\/comments?post=1417"}],"version-history":[{"count":0,"href":"https:\/\/folhaderondonianews.com\/news\/wp-json\/wp\/v2\/posts\/1417\/revisions"}],"wp:attachment":[{"href":"https:\/\/folhaderondonianews.com\/news\/wp-json\/wp\/v2\/media?parent=1417"}],"wp:term":[{"taxonomy":"category","embeddable":true,"href":"https:\/\/folhaderondonianews.com\/news\/wp-json\/wp\/v2\/categories?post=1417"},{"taxonomy":"post_tag","embeddable":true,"href":"https:\/\/folhaderondonianews.com\/news\/wp-json\/wp\/v2\/tags?post=1417"}],"curies":[{"name":"wp","href":"https:\/\/api.w.org\/{rel}","templated":true}]}}