{"id":1421,"date":"2013-07-31T00:19:11","date_gmt":"2013-07-31T04:19:11","guid":{"rendered":"http:\/\/folhaderondonianews.com\/news\/?p=1421"},"modified":"2013-07-31T12:12:56","modified_gmt":"2013-07-31T16:12:56","slug":"landolero-esta-de-volta","status":"publish","type":"post","link":"https:\/\/folhaderondonianews.com\/news\/2013\/07\/31\/landolero-esta-de-volta\/","title":{"rendered":"Landolero est\u00e1 de volta"},"content":{"rendered":"<p>O homem que relatou o processo de cassa\u00e7\u00e3o do ex-presidente Collor de Mello est\u00e1 contando nos dedos o momento de assumir como deputado federal por Rond\u00f4nia. Trata-se do ex-senador Amir Lando, tamb\u00e9m conhecido como o rei da T\u00ea-D\u00ea-Ah, que assumir\u00e1 a vaga do deputado cassado pela justi\u00e7a, Natan Donadon (sem partido\/RO).<\/p>\n<p><strong>\u00a0Onde est\u00e1 Natan?<\/strong><\/p>\n<p>Instalado numa cela individual considerada &#8220;confort\u00e1vel&#8221;, Donadon n\u00e3o tem nenhum contato f\u00edsico com os vizinhos de ala. Mas, da pr\u00f3pria cela, consegue conversar com os outros detentos e falar sobre sua condena\u00e7\u00e3o e sobre a vida de parlamentar.<\/p>\n<p>Prestes a perder o mandato parlamentar, o deputado federal Natan Donadon (sem partido\/RO), condenado a 13 anos, 4 meses e 10 dias de reclus\u00e3o por forma\u00e7\u00e3o de quadrilha e peculato, fez 46 anos no \u00faltimo s\u00e1bado, 27, e, no dia seguinte, completou um m\u00eas de encarceramento\u00a0<a href=\"http:\/\/exame.abril.com.br\/topicos\/prisoes\" target=\"_blank\">\u00a0<\/a>na Penitenci\u00e1ria do Distrito Federal I, no Complexo da Papuda.<\/p>\n","protected":false},"excerpt":{"rendered":"<div class=\"mh-excerpt\"><p>O homem que relatou o processo de cassa\u00e7\u00e3o do ex-presidente Collor de Mello est\u00e1 contando nos dedos o momento de assumir como deputado federal por <a class=\"mh-excerpt-more\" href=\"https:\/\/folhaderondonianews.com\/news\/2013\/07\/31\/landolero-esta-de-volta\/\" title=\"Landolero est\u00e1 de volta\">[&#8230;]<\/a><\/p>\n<\/div>","protected":false},"author":1,"featured_media":0,"comment_status":"open","ping_status":"closed","sticky":false,"template":"","format":"standard","meta":{"footnotes":""},"categories":[8],"tags":[],"class_list":["post-1421","post","type-post","status-publish","format-standard","hentry","category-coluna-do-gutierrez"],"_links":{"self":[{"href":"https:\/\/folhaderondonianews.com\/news\/wp-json\/wp\/v2\/posts\/1421","targetHints":{"allow":["GET"]}}],"collection":[{"href":"https:\/\/folhaderondonianews.com\/news\/wp-json\/wp\/v2\/posts"}],"about":[{"href":"https:\/\/folhaderondonianews.com\/news\/wp-json\/wp\/v2\/types\/post"}],"author":[{"embeddable":true,"href":"https:\/\/folhaderondonianews.com\/news\/wp-json\/wp\/v2\/users\/1"}],"replies":[{"embeddable":true,"href":"https:\/\/folhaderondonianews.com\/news\/wp-json\/wp\/v2\/comments?post=1421"}],"version-history":[{"count":0,"href":"https:\/\/folhaderondonianews.com\/news\/wp-json\/wp\/v2\/posts\/1421\/revisions"}],"wp:attachment":[{"href":"https:\/\/folhaderondonianews.com\/news\/wp-json\/wp\/v2\/media?parent=1421"}],"wp:term":[{"taxonomy":"category","embeddable":true,"href":"https:\/\/folhaderondonianews.com\/news\/wp-json\/wp\/v2\/categories?post=1421"},{"taxonomy":"post_tag","embeddable":true,"href":"https:\/\/folhaderondonianews.com\/news\/wp-json\/wp\/v2\/tags?post=1421"}],"curies":[{"name":"wp","href":"https:\/\/api.w.org\/{rel}","templated":true}]}}