{"id":14236,"date":"2017-05-28T22:59:47","date_gmt":"2017-05-29T02:59:47","guid":{"rendered":"http:\/\/folhaderondonianews.com\/news\/?p=14236"},"modified":"2017-05-29T07:57:56","modified_gmt":"2017-05-29T11:57:56","slug":"a-terra-treme-em-ouro-preto-do-oeste","status":"publish","type":"post","link":"https:\/\/folhaderondonianews.com\/news\/2017\/05\/28\/a-terra-treme-em-ouro-preto-do-oeste\/","title":{"rendered":"A terra treme em Ouro Preto do Oeste"},"content":{"rendered":"<p>Roberto Gutierrez &#8211; Um<strong> abalo S\u00edsmico<\/strong> com dura\u00e7\u00e3o de pelo menos tr\u00eas segundos foi sentido nesta noite em <strong>Ouro Preto do Oeste, em Rond\u00f4nia.<\/strong> O tremor de terra aconteceu \u00e0s 21h55 (28\/05) e imediatamente muitas pessoas informaram do ocorrido nas redes sociais. Boa parte da cidade de Ouro Preto\u00a0fica sobre uma grande lage de pedra e abalo \u00a0s\u00edsmico tornou-se um fen\u00f4meno comum na cidade.<\/p>\n<figure id=\"attachment_14237\" aria-describedby=\"caption-attachment-14237\" style=\"width: 544px\" class=\"wp-caption alignleft\"><img decoding=\"async\" class=\"size-full wp-image-14237 lazyload\" data-src=\"https:\/\/folhaderondonianews.com\/news\/wp-content\/uploads\/2017\/05\/ouroPretoIncra.jpg\" alt=\"\" width=\"544\" height=\"416\" data-srcset=\"https:\/\/folhaderondonianews.com\/news\/wp-content\/uploads\/2017\/05\/ouroPretoIncra.jpg 544w, https:\/\/folhaderondonianews.com\/news\/wp-content\/uploads\/2017\/05\/ouroPretoIncra-300x229.jpg 300w, https:\/\/folhaderondonianews.com\/news\/wp-content\/uploads\/2017\/05\/ouroPretoIncra-80x60.jpg 80w\" data-sizes=\"(max-width: 544px) 100vw, 544px\" src=\"data:image\/svg+xml;base64,PHN2ZyB3aWR0aD0iMSIgaGVpZ2h0PSIxIiB4bWxucz0iaHR0cDovL3d3dy53My5vcmcvMjAwMC9zdmciPjwvc3ZnPg==\" style=\"--smush-placeholder-width: 544px; --smush-placeholder-aspect-ratio: 544\/416;\" \/><figcaption id=\"caption-attachment-14237\" class=\"wp-caption-text\">O primeiro grande abalo s\u00edsmico sentido em Ouro Preto foi em 1973. Foto de Ouro Preto quando ainda\u00a0era projeto de coloniza\u00e7\u00e3o do Incra, no in\u00edcio da d\u00e9cada de 70. (Acervo &#8211; Assis Canuto)<\/figcaption><\/figure>\n<p>Um grande tremor de terra, que se tem not\u00edcia, foi sentido pela primeira vez em 1973, com dura\u00e7\u00e3o de pelo menos oito segundos. Outro de magnitude igual aconteceu em 1978.<\/p>\n<p>Todos os anos ocorrem em Ouro Preto do Oeste pelo menos 10 tremores de terra os quais, na maioria das vezes, n\u00e3o s\u00e3o sentidos. Sabe-se apenas que qualquer terremoto que acontece em pa\u00edses das Am\u00e9ricas do Sul e Central, \u00e9 sentido em <strong>Ouro Preto do Oeste<\/strong> em magnitude quase impercept\u00edvel. Este fen\u00f4meno talvez tenha explica\u00e7\u00e3o porque a cidade est\u00e1 sobre uma grande lage de pedra. Muito grande.<\/p>\n","protected":false},"excerpt":{"rendered":"<div class=\"mh-excerpt\"><p>Roberto Gutierrez &#8211; Um abalo S\u00edsmico com dura\u00e7\u00e3o de pelo menos tr\u00eas segundos foi sentido nesta noite em Ouro Preto do Oeste, em Rond\u00f4nia. O <a class=\"mh-excerpt-more\" href=\"https:\/\/folhaderondonianews.com\/news\/2017\/05\/28\/a-terra-treme-em-ouro-preto-do-oeste\/\" title=\"A terra treme em Ouro Preto do Oeste\">[&#8230;]<\/a><\/p>\n<\/div>","protected":false},"author":1,"featured_media":14238,"comment_status":"open","ping_status":"closed","sticky":false,"template":"","format":"standard","meta":{"footnotes":""},"categories":[3],"tags":[2000,1038,42,1999],"class_list":["post-14236","post","type-post","status-publish","format-standard","has-post-thumbnail","hentry","category-cotidiano","tag-abalo-sismico","tag-ouro-preto-do-oeste","tag-rondonia","tag-tremor-de-terra"],"_links":{"self":[{"href":"https:\/\/folhaderondonianews.com\/news\/wp-json\/wp\/v2\/posts\/14236","targetHints":{"allow":["GET"]}}],"collection":[{"href":"https:\/\/folhaderondonianews.com\/news\/wp-json\/wp\/v2\/posts"}],"about":[{"href":"https:\/\/folhaderondonianews.com\/news\/wp-json\/wp\/v2\/types\/post"}],"author":[{"embeddable":true,"href":"https:\/\/folhaderondonianews.com\/news\/wp-json\/wp\/v2\/users\/1"}],"replies":[{"embeddable":true,"href":"https:\/\/folhaderondonianews.com\/news\/wp-json\/wp\/v2\/comments?post=14236"}],"version-history":[{"count":0,"href":"https:\/\/folhaderondonianews.com\/news\/wp-json\/wp\/v2\/posts\/14236\/revisions"}],"wp:featuredmedia":[{"embeddable":true,"href":"https:\/\/folhaderondonianews.com\/news\/wp-json\/wp\/v2\/media\/14238"}],"wp:attachment":[{"href":"https:\/\/folhaderondonianews.com\/news\/wp-json\/wp\/v2\/media?parent=14236"}],"wp:term":[{"taxonomy":"category","embeddable":true,"href":"https:\/\/folhaderondonianews.com\/news\/wp-json\/wp\/v2\/categories?post=14236"},{"taxonomy":"post_tag","embeddable":true,"href":"https:\/\/folhaderondonianews.com\/news\/wp-json\/wp\/v2\/tags?post=14236"}],"curies":[{"name":"wp","href":"https:\/\/api.w.org\/{rel}","templated":true}]}}