{"id":14251,"date":"2017-05-30T09:59:12","date_gmt":"2017-05-30T13:59:12","guid":{"rendered":"http:\/\/folhaderondonianews.com\/news\/?p=14251"},"modified":"2017-05-30T09:59:12","modified_gmt":"2017-05-30T13:59:12","slug":"ji-parana-fara-encerramento-do-dia-do-desafio-com-atividades-na-praca","status":"publish","type":"post","link":"https:\/\/folhaderondonianews.com\/news\/2017\/05\/30\/ji-parana-fara-encerramento-do-dia-do-desafio-com-atividades-na-praca\/","title":{"rendered":"Ji-Paran\u00e1 far\u00e1 encerramento do Dia do Desafio com atividades na pra\u00e7a"},"content":{"rendered":"<p>O Dia do Desafio vai mobilizar 30 munic\u00edpios de Rond\u00f4nia pelo segundo ano consecutivo, incluindo Ji-Paran\u00e1, a segunda maior cidade do Estado, que nos \u00faltimos quatro anos venceu todas as competi\u00e7\u00f5es.<\/p>\n<p>O dia de mobiliza\u00e7\u00e3o mundial contra o sedentarismo ir\u00e1 promover nesta quarta-feira (31), uma disputa saud\u00e1vel entre munic\u00edpios do mesmo porte populacional em todo o continente americano. A proposta \u00e9 estimular a popula\u00e7\u00e3o a praticar qualquer atividade f\u00edsica por 15 minutos. Ji-Paran\u00e1 enfrenta a cidade de San Miguel de Petapa, localizada ao sul da Guatemala. O munic\u00edpio de San Miguel de Petapa, segundo o censo 2008 tem pouco mais de 124 mil habitantes, clima tropical, e participa do Dia do Desafio h\u00e1 v\u00e1rios anos.<\/p>\n<p>A prefeitura de Ji-Paran\u00e1 e o Sesc j\u00e1 disponibilizaram os telefones (69) 3411-4242, (69) 3421-1560 e o 92498111(whatsapp) que v\u00e3o receber as mensagens de confirma\u00e7\u00e3o de atividade. A popula\u00e7\u00e3o ser\u00e1 estimulada nas escolas, academias, empresas e locais p\u00fablicos a participarem de atividades f\u00edsicas, e ap\u00f3s a realiza\u00e7\u00e3o devem confirmar ligando para os n\u00fameros acima. O munic\u00edpio que mobilizar mais pessoas em rela\u00e7\u00e3o ao n\u00famero oficial de habitantes vence. \u201cAproveito a oportunidade e convido toda a popula\u00e7\u00e3o a se mexer junto conosco no dia 31 de maio\u201d, disse Jesualdo Pires (PSB), prefeito de Ji-Paran\u00e1.<\/p>\n<p>A Secretaria Municipal de Esportes e Turismo de Ji-Paran\u00e1 (Semetur) fez nos \u00faltimos dias diversas reuni\u00f5es com os propriet\u00e1rios de academias, professores de educa\u00e7\u00e3o f\u00edsica, faculdades, e autoridades como a PM, Corpo de Bombeiros, Autarquia Municipal de Tr\u00e2nsito (AMT), Policia Rodovi\u00e1ria Federal, representantes da Secretaria Municipal de Educa\u00e7\u00e3o (Semed) e Coordenadoria Regional de Educa\u00e7\u00e3o (CRE), al\u00e9m da equipe do Sesc para definir a programa\u00e7\u00e3o para o dia 31 de maio. \u201cNesta quarta-feira vamos mobilizar as escolas, teremos aul\u00f5es nas academias e uma programa\u00e7\u00e3o especial no encerramento\u201d, afirmou Seloi Toti.<\/p>\n<p>A Semetur e o Sesc v\u00e3o realizar atividades a partir das 18:30 da tarde na Pra\u00e7a do Jardim dos Migrantes e no Cedel\/BNH simultaneamente at\u00e9 \u00e0s 21:00.<\/p>\n<p>Em Rond\u00f4nia o Sesc de Ji-Paran\u00e1 coordena a Campanha que \u00e9 realizada pelas prefeituras. Cada prefeitura por interm\u00e9dio de suas secret\u00e1rias de Esporte, Educa\u00e7\u00e3o e Sa\u00fade, juntamente com \u00f3rg\u00e3os municipais, associa\u00e7\u00f5es, conselhos, sindicatos e ainda com ajuda de institui\u00e7\u00f5es privadas, ir\u00e3o desenvolver atividades para todas as idades, a fim de promover a a\u00e7\u00e3o e somar pontos para o munic\u00edpio.<\/p>\n","protected":false},"excerpt":{"rendered":"<div class=\"mh-excerpt\"><p>O Dia do Desafio vai mobilizar 30 munic\u00edpios de Rond\u00f4nia pelo segundo ano consecutivo, incluindo Ji-Paran\u00e1, a segunda maior cidade do Estado, que nos \u00faltimos <a class=\"mh-excerpt-more\" href=\"https:\/\/folhaderondonianews.com\/news\/2017\/05\/30\/ji-parana-fara-encerramento-do-dia-do-desafio-com-atividades-na-praca\/\" title=\"Ji-Paran\u00e1 far\u00e1 encerramento do Dia do Desafio com atividades na pra\u00e7a\">[&#8230;]<\/a><\/p>\n<\/div>","protected":false},"author":1,"featured_media":14252,"comment_status":"open","ping_status":"closed","sticky":false,"template":"","format":"standard","meta":{"footnotes":""},"categories":[3],"tags":[2003],"class_list":["post-14251","post","type-post","status-publish","format-standard","has-post-thumbnail","hentry","category-cotidiano","tag-dia-do-desafio"],"_links":{"self":[{"href":"https:\/\/folhaderondonianews.com\/news\/wp-json\/wp\/v2\/posts\/14251","targetHints":{"allow":["GET"]}}],"collection":[{"href":"https:\/\/folhaderondonianews.com\/news\/wp-json\/wp\/v2\/posts"}],"about":[{"href":"https:\/\/folhaderondonianews.com\/news\/wp-json\/wp\/v2\/types\/post"}],"author":[{"embeddable":true,"href":"https:\/\/folhaderondonianews.com\/news\/wp-json\/wp\/v2\/users\/1"}],"replies":[{"embeddable":true,"href":"https:\/\/folhaderondonianews.com\/news\/wp-json\/wp\/v2\/comments?post=14251"}],"version-history":[{"count":0,"href":"https:\/\/folhaderondonianews.com\/news\/wp-json\/wp\/v2\/posts\/14251\/revisions"}],"wp:featuredmedia":[{"embeddable":true,"href":"https:\/\/folhaderondonianews.com\/news\/wp-json\/wp\/v2\/media\/14252"}],"wp:attachment":[{"href":"https:\/\/folhaderondonianews.com\/news\/wp-json\/wp\/v2\/media?parent=14251"}],"wp:term":[{"taxonomy":"category","embeddable":true,"href":"https:\/\/folhaderondonianews.com\/news\/wp-json\/wp\/v2\/categories?post=14251"},{"taxonomy":"post_tag","embeddable":true,"href":"https:\/\/folhaderondonianews.com\/news\/wp-json\/wp\/v2\/tags?post=14251"}],"curies":[{"name":"wp","href":"https:\/\/api.w.org\/{rel}","templated":true}]}}