{"id":15134,"date":"2017-09-03T12:36:35","date_gmt":"2017-09-03T16:36:35","guid":{"rendered":"http:\/\/folhaderondonianews.com\/news\/?p=15134"},"modified":"2017-09-03T23:25:56","modified_gmt":"2017-09-04T03:25:56","slug":"morre-baianinho-de-rondominas-ex-vereador-de-ouro-preto","status":"publish","type":"post","link":"https:\/\/folhaderondonianews.com\/news\/2017\/09\/03\/morre-baianinho-de-rondominas-ex-vereador-de-ouro-preto\/","title":{"rendered":"Morre Baianinho de Rondominas, ex-vereador de Ouro Preto"},"content":{"rendered":"<p>Roberto Gutierrez &#8211; Morre aos 56 anos de idade de fal\u00eancia m\u00faltiplas dos \u00f3rg\u00e3os o ex-vereador de Ouro Preto do Oeste\/RO \u00c1lvaro Gon\u00e7alves Rocha \u2013 o Baianinho de Rondominas. H\u00e1 30 dias ele lutava contra uma crise hep\u00e1tica e problemas no p\u00e2ncreas. Foi levado para Cacoal e depois para Porto Velho onde ficou pelo menos 15 dias em uma UTI. Os rins j\u00e1 haviam parado de funcionar, contraiu uma pneumonia e, debilitado, n\u00e3o conseguiu se recuperar. O cora\u00e7\u00e3o dele deixou de bater por volta das 19 horas de ontem no Hospital Jo\u00e3o Paulo II, em Porto Velho\/RO. \u00a0O corpo do ex-vereador chegou a Ouro Preto nas primeiras horas da manh\u00e3 de hoje. Depois se ser preparado, foi levado para Ji-Paran\u00e1, cidade onde ser\u00e1 enterrado.<\/p>\n<p>Baianinho deixa mulher e tr\u00eas filhos. Nos \u00faltimos anos ele tocava um restaurante em frente \u00e0 Rodovi\u00e1ria de Ji-Paran\u00e1, estabelecimento que continua sendo administrado pela esposa-\u00a0 Edneia Targas Rocha.<\/p>\n<p>Baianinho chegou a Rond\u00f4nia em 1983. Naquele ano montou um bar em Ouro Preto. Mais tarde a fam\u00edlia adquiriu um caminh\u00e3o e ele passou a trabalhar nessa atividade. Ainda na d\u00e9cada de 80 se mudou para Rondominas \u2013 distrito de Ouro Preto do Oeste. Foi a\u00ed que come\u00e7ou a vida p\u00fablica dele. Foi um dos grandes defensores da ideia de elevar Rondominas \u00e0 categoria de munic\u00edpio. Na \u00e9poca, foram desmembrados de Ouro Preto Mirante da Serra, Nova Uni\u00e3o, Teixeir\u00f3polis, Urup\u00e1 e Vale do Para\u00edso. Rondominas n\u00e3o se encaixava dentro dos padr\u00f5es para uma emancipa\u00e7\u00e3o, uma situa\u00e7\u00e3o que entristeceu aos moradores.<\/p>\n<p>Em 1994 Baianinho se elege vereador como representante de Rondominas, ano em que o prefeito de Ouro Preto era o saudoso Aguimar de Souza Piau. Baianinho n\u00e3o conseguiu se reeleger para a legislatura seguinte. Reclamou sem \u00eaxito que boa parte dos votos dele tinha sido computado para um outro candidato de apelido igual \u2013 baianinho da 40. Na \u00e9poca o sistema de vota\u00e7\u00e3o era c\u00e9dula de papel. Uma recontagem dos votos se tornou invi\u00e1vel segundo argumentou a pr\u00f3pria Justi\u00e7a Eleitoral da \u00e9poca.<\/p>\n<p>Chateado e com algumas d\u00edvidas de campanha, Baininho de Rondominas abandonou a pol\u00edtica e foi morar em Ji-Paran\u00e1, onde at\u00e9 ent\u00e3o tocava um restaurante em frente \u00e0 rodovi\u00e1ria. Com esfor\u00e7o conseguiu honrar todos os compromissos de campanha. V\u00e1rias vezes recebeu convite para ser candidato a vereador em Ji-Paran\u00e1, mas, nunca aceitou.<\/p>\n<p>O homem cuja localidade que amava permaneceu at\u00e9 os seus \u00faltimos dias como sobrenome de sua identidade \u2013 Rondominas, distrito pelo qual foi um grande defensor, tamb\u00e9m fez grandes amizades e Ji-Paran\u00e1, entre elas, boa parte da classe pol\u00edtica, empres\u00e1rios e um companheiro com que conversava quase todos os dias; Jos\u00e9 Ot\u00f4nio Lima Silva.<\/p>\n<p>Natural de Mucurici, Esp\u00edrito Santo, \u00c1lvaro Gon\u00e7alves Rocha, o Baianinho, completou 56 anos no \u00faltimo dia 14, quando estava no hospital. Ele \u00e9 um dos sete filhos do \u2018seo\u2019 Rosalvo, que tamb\u00e9m \u00e9 pai do Rocha, da sorveteria &#8211; uma refer\u00eancia tradicional e muito conhecida de Ouro Preto em frente \u00e0 Igreja Matriz.<\/p>\n<p>O vel\u00f3rio do Baianinho de Rondominas est\u00e1 acontecendo em Ji-Paran\u00e1 na Igreja S\u00e3o Sebasti\u00e3o, pr\u00f3ximo \u00e0 Unir. O enterro, que seria no fim da tarde deste domingo, foi adiado para essa segunda-feira \u00e0s 9 horas. O motivo se deve por conta da chegada de alguns parentes que acabou enfrentando imprevistos de viagem.<\/p>\n","protected":false},"excerpt":{"rendered":"<div class=\"mh-excerpt\"><p>Morre aos 56 anos de idade de fal\u00eancia m\u00faltiplas dos \u00f3rg\u00e3os o ex-vereador de Ouro Preto do Oeste\/RO \u00c1lvaro Gon\u00e7alves Rocha \u2013 o Baianinho de Rondominas. <\/p>\n<\/div>","protected":false},"author":1,"featured_media":15135,"comment_status":"open","ping_status":"closed","sticky":false,"template":"","format":"standard","meta":{"footnotes":""},"categories":[3],"tags":[2255,2256],"class_list":["post-15134","post","type-post","status-publish","format-standard","has-post-thumbnail","hentry","category-cotidiano","tag-morre-baianinho-de-rondominas","tag-morre-ex-vereador-de-ouro-pretoro"],"_links":{"self":[{"href":"https:\/\/folhaderondonianews.com\/news\/wp-json\/wp\/v2\/posts\/15134","targetHints":{"allow":["GET"]}}],"collection":[{"href":"https:\/\/folhaderondonianews.com\/news\/wp-json\/wp\/v2\/posts"}],"about":[{"href":"https:\/\/folhaderondonianews.com\/news\/wp-json\/wp\/v2\/types\/post"}],"author":[{"embeddable":true,"href":"https:\/\/folhaderondonianews.com\/news\/wp-json\/wp\/v2\/users\/1"}],"replies":[{"embeddable":true,"href":"https:\/\/folhaderondonianews.com\/news\/wp-json\/wp\/v2\/comments?post=15134"}],"version-history":[{"count":0,"href":"https:\/\/folhaderondonianews.com\/news\/wp-json\/wp\/v2\/posts\/15134\/revisions"}],"wp:featuredmedia":[{"embeddable":true,"href":"https:\/\/folhaderondonianews.com\/news\/wp-json\/wp\/v2\/media\/15135"}],"wp:attachment":[{"href":"https:\/\/folhaderondonianews.com\/news\/wp-json\/wp\/v2\/media?parent=15134"}],"wp:term":[{"taxonomy":"category","embeddable":true,"href":"https:\/\/folhaderondonianews.com\/news\/wp-json\/wp\/v2\/categories?post=15134"},{"taxonomy":"post_tag","embeddable":true,"href":"https:\/\/folhaderondonianews.com\/news\/wp-json\/wp\/v2\/tags?post=15134"}],"curies":[{"name":"wp","href":"https:\/\/api.w.org\/{rel}","templated":true}]}}