{"id":15372,"date":"2017-09-26T19:14:44","date_gmt":"2017-09-26T23:14:44","guid":{"rendered":"http:\/\/folhaderondonianews.com\/news\/?p=15372"},"modified":"2017-09-26T19:14:44","modified_gmt":"2017-09-26T23:14:44","slug":"stf-afasta-aecio-do-senado-e-determina-recolhimento-noturno","status":"publish","type":"post","link":"https:\/\/folhaderondonianews.com\/news\/2017\/09\/26\/stf-afasta-aecio-do-senado-e-determina-recolhimento-noturno\/","title":{"rendered":"STF afasta A\u00e9cio do Senado e determina &#8216;recolhimento noturno&#8217;"},"content":{"rendered":"<div class=\"article-author\">HEITOR MAZZOCO &#8211;\u00a0A Primeira Turma do Supremo Tribunal Federal (STF) decidiu, por 3 votos a 2, afastar do Senado Federal o mineiro A\u00e9cio Neves (PSDB), que tamb\u00e9m deve permanecer em &#8220;recolhimento noturno&#8221;.<\/div>\n<p>A decis\u00e3o foi tomada pelos votos dos ministros Roberto Barroso, Rosa Weber e Luiz Fux.\u00a0Alexandre de Moraes e Marco Aur\u00e9lio votaram contra.<\/p>\n<p>Para Fux, &#8220;muito se elogia por ter sa\u00eddo da presid\u00eancia do partido. Ele (A\u00e9cio) seria mais elogiado se tivesse se despedido ali do mandato.\u00a0Se ele n\u00e3o teve esse gesto de grandeza, n\u00f3s vamos auxili\u00e1-lo&#8221;.<\/p>\n<p>A decis\u00e3o n\u00e3o cassa o mandato de A\u00e9cio e, por isso, n\u00e3o retira o foro privilegiado nem a imunidade parlamentar.<\/p>\n<p>O pedido da Procuradoria Geral da Rep\u00fablica (PGR) era para prender A\u00e9cio, sob alega\u00e7\u00e3o de que o tucano seria o destinat\u00e1rio de recursos de R$ 2 milh\u00f5es repassados pela J&amp;F a um primo do senador e a um auxiliar parlamentar. Mas a pris\u00e3o foi negada pelos ministros.<\/p>\n<p>O pedido da PGR foi classificado como \u201curgente\u201d. O ent\u00e3o procurador-geral da Rep\u00fablica, Rodrigo Janot, pediu em tr\u00eas momentos diferentes a pris\u00e3o de A\u00e9cio Neves, destacando a gravidade dos fatos e afirmando que havia um estado de flagr\u00e2ncia quando o pedido foi feito.<\/p>\n<p><strong>Veja como votaram os ministros\u00a0<\/strong><\/p>\n<p><strong>Contra o pedido de pris\u00e3o:\u00a0<\/strong><br \/>\nMarco Aur\u00e9lio Mello, Alexandre de Moraes, Luis Roberto Barroso, Rosa Weber e Luiz Fux.<\/p>\n<p><strong>Pelo afastamento de A\u00e9cio do Senado:\u00a0<\/strong><br \/>\nLuis Roberto Barroso, Rosa Weber e Luiz Fux.<\/p>\n<p><strong>Votaram pelo recolhimento domiciliar noturno:\u00a0<\/strong><br \/>\nLuis Roberto Barroso, Rosa Weber e Luiz Fux.<\/p>\n<p>&nbsp;<\/p>\n","protected":false},"excerpt":{"rendered":"<div class=\"mh-excerpt\"><p>Para Fux, &#8220;muito se elogia por (A\u00e9cio) ter sa\u00eddo da presid\u00eancia do partido. Ele seria mais elogiado se tivesse se despedido ali do mandato. Se ele n\u00e3o teve esse gesto de grandeza, n\u00f3s vamos auxili\u00e1-lo&#8221;.<\/p>\n<\/div>","protected":false},"author":1,"featured_media":15373,"comment_status":"open","ping_status":"closed","sticky":false,"template":"","format":"standard","meta":{"footnotes":""},"categories":[9],"tags":[2318],"class_list":["post-15372","post","type-post","status-publish","format-standard","has-post-thumbnail","hentry","category-politica","tag-stf-afasta-aecio-do-senado"],"_links":{"self":[{"href":"https:\/\/folhaderondonianews.com\/news\/wp-json\/wp\/v2\/posts\/15372","targetHints":{"allow":["GET"]}}],"collection":[{"href":"https:\/\/folhaderondonianews.com\/news\/wp-json\/wp\/v2\/posts"}],"about":[{"href":"https:\/\/folhaderondonianews.com\/news\/wp-json\/wp\/v2\/types\/post"}],"author":[{"embeddable":true,"href":"https:\/\/folhaderondonianews.com\/news\/wp-json\/wp\/v2\/users\/1"}],"replies":[{"embeddable":true,"href":"https:\/\/folhaderondonianews.com\/news\/wp-json\/wp\/v2\/comments?post=15372"}],"version-history":[{"count":0,"href":"https:\/\/folhaderondonianews.com\/news\/wp-json\/wp\/v2\/posts\/15372\/revisions"}],"wp:featuredmedia":[{"embeddable":true,"href":"https:\/\/folhaderondonianews.com\/news\/wp-json\/wp\/v2\/media\/15373"}],"wp:attachment":[{"href":"https:\/\/folhaderondonianews.com\/news\/wp-json\/wp\/v2\/media?parent=15372"}],"wp:term":[{"taxonomy":"category","embeddable":true,"href":"https:\/\/folhaderondonianews.com\/news\/wp-json\/wp\/v2\/categories?post=15372"},{"taxonomy":"post_tag","embeddable":true,"href":"https:\/\/folhaderondonianews.com\/news\/wp-json\/wp\/v2\/tags?post=15372"}],"curies":[{"name":"wp","href":"https:\/\/api.w.org\/{rel}","templated":true}]}}