{"id":15436,"date":"2017-10-03T03:40:07","date_gmt":"2017-10-03T07:40:07","guid":{"rendered":"http:\/\/folhaderondonianews.com\/news\/?p=15436"},"modified":"2017-10-03T03:40:07","modified_gmt":"2017-10-03T07:40:07","slug":"defesa-de-temer-deve-ser-apresentada-nesta-quarta-feira","status":"publish","type":"post","link":"https:\/\/folhaderondonianews.com\/news\/2017\/10\/03\/defesa-de-temer-deve-ser-apresentada-nesta-quarta-feira\/","title":{"rendered":"Defesa de Temer deve ser apresentada nesta quarta-feira"},"content":{"rendered":"<header>\n<div class=\"node-info\">\n<figure style=\"width: 277px\" class=\"wp-caption alignleft\"><img decoding=\"async\" class=\"Image img__fid__74548 img__view_mode__default attr__format__default lazyload\" data-src=\"http:\/\/agenciabrasil.ebc.com.br\/sites\/_agenciabrasil2013\/files\/styles\/interna_pequena\/public\/fotos\/1032080-df_21072016-img_0219.jpg\" alt=\"Bras\u00edlia - O primeiro secret\u00e1rio da Mesa Diretora da C\u00e2mara dos Deputados, Beto Mansur, fala \u00e0 imprensa ap\u00f3s reuni\u00e3o (Marcelo Camargo\/Ag\u00eancia Brasil)\" width=\"277\" height=\"160\" src=\"data:image\/svg+xml;base64,PHN2ZyB3aWR0aD0iMSIgaGVpZ2h0PSIxIiB4bWxucz0iaHR0cDovL3d3dy53My5vcmcvMjAwMC9zdmciPjwvc3ZnPg==\" style=\"--smush-placeholder-width: 277px; --smush-placeholder-aspect-ratio: 277\/160;\" \/><figcaption class=\"wp-caption-text\">Cada um dos tr\u00eas denunciados deve se defender separadamente, diz o vice-l\u00edder do governo, Beto Mansur\u00a0Marcelo Camargo\/Arquivo\/Ag\u00eancia Brasil<\/figcaption><\/figure>\n<p>Os advogados do presidente Michel Temer entregar\u00e3o, nesta quarta-feira (4), \u00e0 Comiss\u00e3o de Constitui\u00e7\u00e3o e Justi\u00e7a (CCJ) da C\u00e2mara, a defesa dele contra a den\u00fancia apresentada pelo Minist\u00e9rio P\u00fablico Federal (MPF).<\/p>\n<\/div>\n<\/header>\n<div class=\"content\">\n<p>Segundo o vice-l\u00edder do governo na Casa, Beto Mansur (PRB-SP), cada um dos tr\u00eas denunciados (Temer e os ministros da Casa Civil, Eliseu Padilha, e Moreira Franco, da Secretaria-Geral) deve se defender separadamente. Eles foram acusados dos crimes de obstru\u00e7\u00e3o da justi\u00e7a e organiza\u00e7\u00e3o criminosa.<\/p>\n<p>Beto Mansur, respons\u00e1vel pelo levantamento de votos dos parlamentares na primeira e nesta den\u00fancia contra o presidente, demonstrou otimismo com o placar a ser alcan\u00e7ado na vota\u00e7\u00e3o na CCJ. Segundo Mansur, o resultado desta vota\u00e7\u00e3o dever\u00e1 ser semelhante ao registrado na anterior.<\/p>\n<p>\u201cNo parecer do deputado Paulo Abi-Ackel [PSDB-MG], que prop\u00f4s o encerramento da primeira den\u00fancia, ou seja o arquivamento, tivemos 41 votos pelo arquivamento, 24 contra e 1 voto de absten\u00e7\u00e3o. Sinto que agora estamos muito perto disso. L\u00f3gico que tem alguns partidos que deixaram de ser base e foram para oposi\u00e7\u00e3o, tem essa quest\u00e3o que envolve o PSDB, mas estamos buscando o mesmo n\u00famero de votos pelo encerramento dessa den\u00fancia tamb\u00e9m\u201d, disse.<\/p>\n<p>A contagem do prazo para o in\u00edcio dos trabalhos da CCJ se ap\u00f3s a apresenta\u00e7\u00e3o da \u00faltima defesa. A partir da\u00ed, a comiss\u00e3o tem cinco sess\u00f5es para apreciar a mat\u00e9ria, votar e encaminhar a delibera\u00e7\u00e3o ao plen\u00e1rio da C\u00e2mara. Depois de passar pela CCJ, a den\u00fancia deve ser analisada em plen\u00e1rio. Para que a C\u00e2mara autorize o Supremo Tribunal Federal (STF) a iniciar a investiga\u00e7\u00e3o, s\u00e3o necess\u00e1rios pelo menos 342 votos, o que corresponde a dois ter\u00e7os dos 513 deputados, qu\u00f3rum exigido pela Constitui\u00e7\u00e3o. Se esse n\u00famero n\u00e3o for atingido, a den\u00fancia \u00e9 suspensa at\u00e9 o t\u00e9rmino do mandato presidencial.<\/p>\n<figure class=\"default\">\n<p><figure style=\"width: 277px\" class=\"wp-caption alignleft\"><img decoding=\"async\" class=\"Image img__fid__109140 img__view_mode__default attr__format__default lazyload\" data-src=\"http:\/\/agenciabrasil.ebc.com.br\/sites\/_agenciabrasil2013\/files\/styles\/interna_pequena\/public\/fotos\/1092816-cam_abr_edit_02101706234.jpg\" alt=\"Bras\u00edlia - O presidente da C\u00e2mara, Rodrigo Maia, ap\u00f3s reuni\u00e3o com a presidente do Supremo Tribunal Federal, C\u00e1rmen L\u00facia (Marcelo Camargo\/Ag\u00eancia Brasil)\" width=\"277\" height=\"160\" src=\"data:image\/svg+xml;base64,PHN2ZyB3aWR0aD0iMSIgaGVpZ2h0PSIxIiB4bWxucz0iaHR0cDovL3d3dy53My5vcmcvMjAwMC9zdmciPjwvc3ZnPg==\" style=\"--smush-placeholder-width: 277px; --smush-placeholder-aspect-ratio: 277\/160;\" \/><figcaption class=\"wp-caption-text\">Rodrigo Maia: vota\u00e7\u00e3o na CCJ deve ser entre os dias 23 e 24\u00a0Marcelo Camargo\/Arquivo\/Ag\u00eancia Brasil<\/figcaption><\/figure><figcaption>O presidente da C\u00e2mara, Rodrigo Maia (DEM-RJ), reiterou hoje que a vota\u00e7\u00e3o em plen\u00e1rio deve acontecer entre os dias 23 e 24 deste m\u00eas. \u201cJ\u00e1 avisei a Assessoria Internacional para que n\u00e3o libere nenhum parlamentar para viagem naquela semana, para que a gente tenha o maior n\u00famero de deputados e que todos possam votar a den\u00fancia\u201d, disse.<\/p>\n<\/figcaption><\/figure>\n<p>J\u00e1 Beto Mansur trabalha para que a vota\u00e7\u00e3o da den\u00fancia em plen\u00e1rio ocorra na semana seguinte ao feriado de 12 de outubro. O parlamentar considera poss\u00edvel que a vota\u00e7\u00e3o do parecer na CCJ ocorra antes do feriado.<\/p>\n<p><img decoding=\"async\" data-src=\"https:\/\/folhaderondonianews.com\/news\/wp-content\/uploads\/2017\/10\/630x90.gif\" src=\"data:image\/svg+xml;base64,PHN2ZyB3aWR0aD0iMSIgaGVpZ2h0PSIxIiB4bWxucz0iaHR0cDovL3d3dy53My5vcmcvMjAwMC9zdmciPjwvc3ZnPg==\" class=\"lazyload\" style=\"--smush-placeholder-width: 630px; --smush-placeholder-aspect-ratio: 630\/90;\" \/><\/p>\n<p>Maia tamb\u00e9m voltou a dizer que a tramita\u00e7\u00e3o na C\u00e2mara n\u00e3o ser\u00e1 fatiada por denunciados. Apesar da negativa, deputados da oposi\u00e7\u00e3o j\u00e1 anunciaram que entrar\u00e3o com recurso contra a an\u00e1lise conjunta da den\u00fancia.<\/p>\n<p>\u201cTem diferen\u00e7a dentro da den\u00fancia, mas isso n\u00e3o \u00e9 problema da C\u00e2mara. O problema da C\u00e2mara \u00e9 falar sim ou n\u00e3o. A segunda parte caber\u00e1 ao Supremo: aceitar, ou n\u00e3o, se a decis\u00e3o da C\u00e2mara for sim depois, se desmembrar\u00e1 por crime ou n\u00e3o. Esse papel n\u00e3o deve ser, segundo an\u00e1lise que fizemos com assessoria, da C\u00e2mara dos Deputados\u201d, afirmou Maia.<\/p>\n<div class=\"node-info\">Edi\u00e7\u00e3o:\u00a0<strong>N\u00e1dia Franco<\/strong><\/div>\n<\/div>\n","protected":false},"excerpt":{"rendered":"<div class=\"mh-excerpt\"><p>Os advogados do presidente Michel Temer entregar\u00e3o, nesta quarta-feira (4), \u00e0 Comiss\u00e3o de Constitui\u00e7\u00e3o e Justi\u00e7a (CCJ) da C\u00e2mara, a defesa dele contra a den\u00fancia <a class=\"mh-excerpt-more\" href=\"https:\/\/folhaderondonianews.com\/news\/2017\/10\/03\/defesa-de-temer-deve-ser-apresentada-nesta-quarta-feira\/\" title=\"Defesa de Temer deve ser apresentada nesta quarta-feira\">[&#8230;]<\/a><\/p>\n<\/div>","protected":false},"author":1,"featured_media":15437,"comment_status":"open","ping_status":"closed","sticky":false,"template":"","format":"standard","meta":{"footnotes":""},"categories":[9],"tags":[],"class_list":["post-15436","post","type-post","status-publish","format-standard","has-post-thumbnail","hentry","category-politica"],"_links":{"self":[{"href":"https:\/\/folhaderondonianews.com\/news\/wp-json\/wp\/v2\/posts\/15436","targetHints":{"allow":["GET"]}}],"collection":[{"href":"https:\/\/folhaderondonianews.com\/news\/wp-json\/wp\/v2\/posts"}],"about":[{"href":"https:\/\/folhaderondonianews.com\/news\/wp-json\/wp\/v2\/types\/post"}],"author":[{"embeddable":true,"href":"https:\/\/folhaderondonianews.com\/news\/wp-json\/wp\/v2\/users\/1"}],"replies":[{"embeddable":true,"href":"https:\/\/folhaderondonianews.com\/news\/wp-json\/wp\/v2\/comments?post=15436"}],"version-history":[{"count":0,"href":"https:\/\/folhaderondonianews.com\/news\/wp-json\/wp\/v2\/posts\/15436\/revisions"}],"wp:featuredmedia":[{"embeddable":true,"href":"https:\/\/folhaderondonianews.com\/news\/wp-json\/wp\/v2\/media\/15437"}],"wp:attachment":[{"href":"https:\/\/folhaderondonianews.com\/news\/wp-json\/wp\/v2\/media?parent=15436"}],"wp:term":[{"taxonomy":"category","embeddable":true,"href":"https:\/\/folhaderondonianews.com\/news\/wp-json\/wp\/v2\/categories?post=15436"},{"taxonomy":"post_tag","embeddable":true,"href":"https:\/\/folhaderondonianews.com\/news\/wp-json\/wp\/v2\/tags?post=15436"}],"curies":[{"name":"wp","href":"https:\/\/api.w.org\/{rel}","templated":true}]}}