{"id":15521,"date":"2017-10-06T16:52:01","date_gmt":"2017-10-06T20:52:01","guid":{"rendered":"http:\/\/folhaderondonianews.com\/news\/?p=15521"},"modified":"2017-10-06T16:52:01","modified_gmt":"2017-10-06T20:52:01","slug":"morrem-mais-duas-criancas-vitimas-de-tragedia-em-creche-de-janauba","status":"publish","type":"post","link":"https:\/\/folhaderondonianews.com\/news\/2017\/10\/06\/morrem-mais-duas-criancas-vitimas-de-tragedia-em-creche-de-janauba\/","title":{"rendered":"Morrem mais duas crian\u00e7as v\u00edtimas de trag\u00e9dia em creche de Jana\u00faba"},"content":{"rendered":"<header>\n<div class=\"node-info\">Duas crian\u00e7as v\u00edtimas da trag\u00e9dia em creche de Jana\u00faba (MG) morreram na tarde de hoje (6). O n\u00famero de mortos j\u00e1 chega a nove. As duas crian\u00e7as estavam em estado grave e haviam sido transferidas para Montes Claros. Cec\u00edlia Davina Gon\u00e7alves Dias e Yasmim Medeiros Sabino tinham 4 anos.<\/div>\n<\/header>\n<div class=\"content\">\n<p>Outras 41 pessoas ficaram feridas. Os 13 pacientes mais graves foram todos encaminhados para o Hospital Jo\u00e3o XXIII, em Belo Horizonte, refer\u00eancia em queimaduras no estado.<\/p>\n<p>Tanto Cec\u00edlia quanto Yasmin estavam internadas na Santa Casa Montes Claros. De acordo com a assessoria de imprensa do hospital, outras 11 v\u00edtimas seguem internadas no local, sendo nove crian\u00e7as, todas em estado grave.<\/p>\n<p>Na manh\u00e3 de quinta-feira (5), o vigia Dami\u00e3o Soares dos Santos, de 50 anos, entrou na escola na qual trabalhava e ateou fogo em crian\u00e7as e em si mesmo. O vigia foi uma das v\u00edtimas, al\u00e9m dele, a professora Helley Abreu Batista, de 43 anos, que tentou impedi-lo fisicamente e ajudou no resgate de crian\u00e7as.<\/p>\n<p>A trag\u00e9dia ocorreu na creche Centro Municipal de Educa\u00e7\u00e3o Infantil Gente Inocente. Trata-se de uma escola p\u00fablica, que recebe crian\u00e7as at\u00e9 seis anos e fica no bairro Rio Novo.<\/p>\n<p>Em nota, divulgada hoje (6), a Prefeitura Municipal de Jana\u00faba pede o apoio da popula\u00e7\u00e3o com doa\u00e7\u00f5es para as crian\u00e7as e as fam\u00edlias. Roupas e \u00e1gua est\u00e3o na lista dos pedidos.<\/p>\n<p>As\u00a0<a href=\"http:\/\/www.janauba.mg.gov.br\/news\/noticia\/685\">doa\u00e7\u00f5es<\/a>\u00a0podem ser entregues na pr\u00f3pria prefeitura. O \u00f3rg\u00e3o tamb\u00e9m recebe doa\u00e7\u00f5es por\u00a0<a href=\"http:\/\/www.janauba.mg.gov.br\/news\/noticia\/684\">transfer\u00eancia<\/a>\u00a0banc\u00e1ria. De acordo com a prefeitura, os R$ 177 mil j\u00e1 arrecadados ser\u00e3o usados n\u00e3o apenas imediatamente, mas nos pr\u00f3ximos anos durante o tratamento e acompanhamento das crian\u00e7as e fam\u00edlias.<\/p>\n<p>Mariana Tokarnia &#8211; Rep\u00f3rter da Ag\u00eancia Brasil<\/p>\n<div class=\"node-info\">Edi\u00e7\u00e3o:\u00a0<strong>Fernando Fraga<\/strong><\/div>\n<\/div>\n","protected":false},"excerpt":{"rendered":"<div class=\"mh-excerpt\"><p>Duas crian\u00e7as v\u00edtimas da trag\u00e9dia em creche de Jana\u00faba (MG) morreram na tarde de hoje (6). O n\u00famero de mortos j\u00e1 chega a nove. As <a class=\"mh-excerpt-more\" href=\"https:\/\/folhaderondonianews.com\/news\/2017\/10\/06\/morrem-mais-duas-criancas-vitimas-de-tragedia-em-creche-de-janauba\/\" title=\"Morrem mais duas crian\u00e7as v\u00edtimas de trag\u00e9dia em creche de Jana\u00faba\">[&#8230;]<\/a><\/p>\n<\/div>","protected":false},"author":1,"featured_media":15522,"comment_status":"open","ping_status":"closed","sticky":false,"template":"","format":"standard","meta":{"footnotes":""},"categories":[5],"tags":[1460,2342,2341],"class_list":["post-15521","post","type-post","status-publish","format-standard","has-post-thumbnail","hentry","category-brasil","tag-folha-de-rondonia-news","tag-morrem-mais-duas-criancas","tag-tragedia-em-creche-de-janauba"],"_links":{"self":[{"href":"https:\/\/folhaderondonianews.com\/news\/wp-json\/wp\/v2\/posts\/15521","targetHints":{"allow":["GET"]}}],"collection":[{"href":"https:\/\/folhaderondonianews.com\/news\/wp-json\/wp\/v2\/posts"}],"about":[{"href":"https:\/\/folhaderondonianews.com\/news\/wp-json\/wp\/v2\/types\/post"}],"author":[{"embeddable":true,"href":"https:\/\/folhaderondonianews.com\/news\/wp-json\/wp\/v2\/users\/1"}],"replies":[{"embeddable":true,"href":"https:\/\/folhaderondonianews.com\/news\/wp-json\/wp\/v2\/comments?post=15521"}],"version-history":[{"count":0,"href":"https:\/\/folhaderondonianews.com\/news\/wp-json\/wp\/v2\/posts\/15521\/revisions"}],"wp:featuredmedia":[{"embeddable":true,"href":"https:\/\/folhaderondonianews.com\/news\/wp-json\/wp\/v2\/media\/15522"}],"wp:attachment":[{"href":"https:\/\/folhaderondonianews.com\/news\/wp-json\/wp\/v2\/media?parent=15521"}],"wp:term":[{"taxonomy":"category","embeddable":true,"href":"https:\/\/folhaderondonianews.com\/news\/wp-json\/wp\/v2\/categories?post=15521"},{"taxonomy":"post_tag","embeddable":true,"href":"https:\/\/folhaderondonianews.com\/news\/wp-json\/wp\/v2\/tags?post=15521"}],"curies":[{"name":"wp","href":"https:\/\/api.w.org\/{rel}","templated":true}]}}