{"id":15524,"date":"2017-10-06T17:06:41","date_gmt":"2017-10-06T21:06:41","guid":{"rendered":"http:\/\/folhaderondonianews.com\/news\/?p=15524"},"modified":"2017-10-06T17:06:41","modified_gmt":"2017-10-06T21:06:41","slug":"stf-autoriza-envio-aos-eua-de-celulares-de-investigados-ligados-a-aecio","status":"publish","type":"post","link":"https:\/\/folhaderondonianews.com\/news\/2017\/10\/06\/stf-autoriza-envio-aos-eua-de-celulares-de-investigados-ligados-a-aecio\/","title":{"rendered":"STF autoriza envio aos EUA de celulares de investigados ligados a A\u00e9cio"},"content":{"rendered":"<p>O ministro do Supremo Tribunal Federal (STF) Marco Aur\u00e9lio Mello autorizou hoje (6) a Pol\u00edcia Federal (PF) a enviar aos Estados Unidos aparelhos celulares apreendidos na Opera\u00e7\u00e3o Patmos, deflagrada a partir das dela\u00e7\u00f5es da JBS. Com a decis\u00e3o, a PF vai enviar um perito ao exterior para tentar desbloquear celulares que foram apreendidos com alvos da opera\u00e7\u00e3o ligados ao senador A\u00e9cio Neves (PSDB-MG).<\/p>\n<p>O pedido da PF envolve Frederico Pacheco e Andrea Neves, primo e irm\u00e3 do parlamentar respectivamente, presos em maio, quando a opera\u00e7\u00e3o foi realizada. Os dois cumprem pris\u00e3o domiciliar por determina\u00e7\u00e3o do Supremo.<\/p>\n<p>Segundo a Pol\u00edcia Federal, os peritos n\u00e3o conseguiram acessar os dados do celular, que est\u00e3o protegidos por uma senha pessoal.<\/p>\n<p>Ao autorizar o envio do aparelho aos Estados Unidos, o ministro disse que os investigados poder\u00e3o facilitar as investiga\u00e7\u00f5es e fornecer a senha aos peritos da PF.<\/p>\n<p>\u201cDefiro o pedido formulado pela autoridade policial, autorizando o encaminhamento do material apreendido para verifica\u00e7\u00e3o da viabilidade de extra\u00e7\u00e3o dos dados no exterior, sem preju\u00edzo de os detentores dos aparelhos virem a fornecer, espontaneamente, colaborando para o esclarecimento dos fatos, as senhas necess\u00e1rias ao acesso pretendido\u201d, decidiu Marco Aur\u00e9lio.<\/p>\n<p>&nbsp;<\/p>\n<div class=\"node-info\">Edi\u00e7\u00e3o:\u00a0<strong>Fernando Fraga<\/strong><\/div>\n","protected":false},"excerpt":{"rendered":"<div class=\"mh-excerpt\"><p>O ministro do Supremo Tribunal Federal (STF) Marco Aur\u00e9lio Mello autorizou hoje (6) a Pol\u00edcia Federal (PF) a enviar aos Estados Unidos aparelhos celulares apreendidos <a class=\"mh-excerpt-more\" href=\"https:\/\/folhaderondonianews.com\/news\/2017\/10\/06\/stf-autoriza-envio-aos-eua-de-celulares-de-investigados-ligados-a-aecio\/\" title=\"STF autoriza envio aos EUA de celulares de investigados ligados a A\u00e9cio\">[&#8230;]<\/a><\/p>\n<\/div>","protected":false},"author":1,"featured_media":0,"comment_status":"open","ping_status":"closed","sticky":false,"template":"","format":"standard","meta":{"footnotes":""},"categories":[11],"tags":[2343],"class_list":["post-15524","post","type-post","status-publish","format-standard","hentry","category-policia","tag-celulares-de-investigados-ligados-a-aecio"],"_links":{"self":[{"href":"https:\/\/folhaderondonianews.com\/news\/wp-json\/wp\/v2\/posts\/15524","targetHints":{"allow":["GET"]}}],"collection":[{"href":"https:\/\/folhaderondonianews.com\/news\/wp-json\/wp\/v2\/posts"}],"about":[{"href":"https:\/\/folhaderondonianews.com\/news\/wp-json\/wp\/v2\/types\/post"}],"author":[{"embeddable":true,"href":"https:\/\/folhaderondonianews.com\/news\/wp-json\/wp\/v2\/users\/1"}],"replies":[{"embeddable":true,"href":"https:\/\/folhaderondonianews.com\/news\/wp-json\/wp\/v2\/comments?post=15524"}],"version-history":[{"count":0,"href":"https:\/\/folhaderondonianews.com\/news\/wp-json\/wp\/v2\/posts\/15524\/revisions"}],"wp:attachment":[{"href":"https:\/\/folhaderondonianews.com\/news\/wp-json\/wp\/v2\/media?parent=15524"}],"wp:term":[{"taxonomy":"category","embeddable":true,"href":"https:\/\/folhaderondonianews.com\/news\/wp-json\/wp\/v2\/categories?post=15524"},{"taxonomy":"post_tag","embeddable":true,"href":"https:\/\/folhaderondonianews.com\/news\/wp-json\/wp\/v2\/tags?post=15524"}],"curies":[{"name":"wp","href":"https:\/\/api.w.org\/{rel}","templated":true}]}}