{"id":15624,"date":"2017-10-17T17:22:06","date_gmt":"2017-10-17T21:22:06","guid":{"rendered":"http:\/\/folhaderondonianews.com\/news\/?p=15624"},"modified":"2017-10-17T17:22:06","modified_gmt":"2017-10-17T21:22:06","slug":"aviao-do-greenpeace-cai-na-regiao-de-anavilhanas-uma-pessoa-morre","status":"publish","type":"post","link":"https:\/\/folhaderondonianews.com\/news\/2017\/10\/17\/aviao-do-greenpeace-cai-na-regiao-de-anavilhanas-uma-pessoa-morre\/","title":{"rendered":"Avi\u00e3o do Greenpeace cai na regi\u00e3o de Anavilhanas; uma pessoa morre"},"content":{"rendered":"<p>ABr &#8211; Uma aeronave da organiza\u00e7\u00e3o n\u00e3o governamental (ONG) Greenpeace caiu na manh\u00e3 desta ter\u00e7a-feira (17) na regi\u00e3o do Arquip\u00e9lago de Anavilhanas, pr\u00f3ximo ao munic\u00edpio de Novo Air\u00e3o, no Amazonas. Cinco pessoas estavam a bordo, uma morreu.<\/p>\n<p>De acordo com o S\u00e9timo Servi\u00e7o Regional de Investiga\u00e7\u00e3o e Preven\u00e7\u00e3o de Acidentes Aeron\u00e1uticos (Serpa 7), o acidente ocorreu por volta das 11h. O avi\u00e3o \u00e9 um modelo Cessna 208, anf\u00edbio.<\/p>\n<p>A For\u00e7a A\u00e9rea Brasileira (FAB) informou que est\u00e1 iniciando processo de investiga\u00e7\u00e3o. Ser\u00e3o feitos registros fotogr\u00e1ficos, partes da aeronave ser\u00e3o retiradas para an\u00e1lise e ser\u00e3o colhidos relatos de testemunhas e documentos.<\/p>\n<p>O Greenpeace informou que est\u00e1 de luto e concentrando todos os esfor\u00e7os na presta\u00e7\u00e3o de assist\u00eancia \u00e0s v\u00edtimas e suas fam\u00edlias. A ONG tamb\u00e9m disse que vai colaborar com os \u00f3rg\u00e3os competentes que est\u00e3o investigando o fato.<\/p>\n<div class=\"node-info\">Edi\u00e7\u00e3o:\u00a0<strong>N\u00e1dia Franco<\/strong><\/div>\n","protected":false},"excerpt":{"rendered":"<div class=\"mh-excerpt\"><p>ABr &#8211; Uma aeronave da organiza\u00e7\u00e3o n\u00e3o governamental (ONG) Greenpeace caiu na manh\u00e3 desta ter\u00e7a-feira (17) na regi\u00e3o do Arquip\u00e9lago de Anavilhanas, pr\u00f3ximo ao munic\u00edpio <a class=\"mh-excerpt-more\" href=\"https:\/\/folhaderondonianews.com\/news\/2017\/10\/17\/aviao-do-greenpeace-cai-na-regiao-de-anavilhanas-uma-pessoa-morre\/\" title=\"Avi\u00e3o do Greenpeace cai na regi\u00e3o de Anavilhanas; uma pessoa morre\">[&#8230;]<\/a><\/p>\n<\/div>","protected":false},"author":1,"featured_media":15625,"comment_status":"open","ping_status":"closed","sticky":false,"template":"","format":"standard","meta":{"footnotes":""},"categories":[5],"tags":[],"class_list":["post-15624","post","type-post","status-publish","format-standard","has-post-thumbnail","hentry","category-brasil"],"_links":{"self":[{"href":"https:\/\/folhaderondonianews.com\/news\/wp-json\/wp\/v2\/posts\/15624","targetHints":{"allow":["GET"]}}],"collection":[{"href":"https:\/\/folhaderondonianews.com\/news\/wp-json\/wp\/v2\/posts"}],"about":[{"href":"https:\/\/folhaderondonianews.com\/news\/wp-json\/wp\/v2\/types\/post"}],"author":[{"embeddable":true,"href":"https:\/\/folhaderondonianews.com\/news\/wp-json\/wp\/v2\/users\/1"}],"replies":[{"embeddable":true,"href":"https:\/\/folhaderondonianews.com\/news\/wp-json\/wp\/v2\/comments?post=15624"}],"version-history":[{"count":0,"href":"https:\/\/folhaderondonianews.com\/news\/wp-json\/wp\/v2\/posts\/15624\/revisions"}],"wp:featuredmedia":[{"embeddable":true,"href":"https:\/\/folhaderondonianews.com\/news\/wp-json\/wp\/v2\/media\/15625"}],"wp:attachment":[{"href":"https:\/\/folhaderondonianews.com\/news\/wp-json\/wp\/v2\/media?parent=15624"}],"wp:term":[{"taxonomy":"category","embeddable":true,"href":"https:\/\/folhaderondonianews.com\/news\/wp-json\/wp\/v2\/categories?post=15624"},{"taxonomy":"post_tag","embeddable":true,"href":"https:\/\/folhaderondonianews.com\/news\/wp-json\/wp\/v2\/tags?post=15624"}],"curies":[{"name":"wp","href":"https:\/\/api.w.org\/{rel}","templated":true}]}}