{"id":15631,"date":"2017-10-18T08:33:41","date_gmt":"2017-10-18T12:33:41","guid":{"rendered":"http:\/\/folhaderondonianews.com\/news\/?p=15631"},"modified":"2017-10-18T08:33:41","modified_gmt":"2017-10-18T12:33:41","slug":"acir-vota-sim-para-afastar-aecio","status":"publish","type":"post","link":"https:\/\/folhaderondonianews.com\/news\/2017\/10\/18\/acir-vota-sim-para-afastar-aecio\/","title":{"rendered":"Acir vota sim para afastar A\u00e9cio"},"content":{"rendered":"<div>Guarim Liberato Jr &#8211; O senador Acir Gurgacz (PDT-RO) votou pela a manuten\u00e7\u00e3o das medidas cautelares da primeira turma do Supremo Tribunal Federal (STF) determinando o afastamento tempor\u00e1rio do senador A\u00e9cio Neves e o seu recolhimento domiciliar.<\/div>\n<div><\/div>\n<div>Ao justificar o seu voto, Gurgacz disse que agiu com coer\u00eancia, contra a corrup\u00e7\u00e3o, com base na Constitui\u00e7\u00e3o e nos mesmos crit\u00e9rios pol\u00edticos que usou quando votou pelo afastamento do ent\u00e3o senador Delc\u00eddio do Amaral (PT), que tamb\u00e9m tinha sido acusado de tentar obstruir as investiga\u00e7\u00f5es da Opera\u00e7\u00e3o Lava Jato. \u201cVotei com coer\u00eancia, contra a corrup\u00e7\u00e3o, defendendo a Constitui\u00e7\u00e3o e a decis\u00e3o do STF\u201d, frisou Acir.<\/div>\n<div><\/div>\n<div>No inqu\u00e9rito contra A\u00e9cio no STF, o senador tucano foi denunciado por corrup\u00e7\u00e3o passiva e obstru\u00e7\u00e3o da Justi\u00e7a, por pedir e receber R$ 2 milh\u00f5es da JBS e atuar no Senado para atrapalhar a Lava Jato. Acir destacou que os poderes s\u00e3o aut\u00f4nomos e interdependentes, mas as decis\u00f5es do STF precisam ser respeitadas e cumpridas.<\/div>\n<div><\/div>\n<div>J\u00e1 o Plen\u00e1rio do Senado tornou sem efeito a decis\u00e3o do Supremo Tribunal Federal (STF) que havia afastado do mandato e determinado o recolhimento noturno do senador A\u00e9cio Neves (PSDB-MG). Foram 44 votos contra e 26 a favor das medidas cautelares impostas pela Primeira Turma da Corte. A Constitui\u00e7\u00e3o exige que a decis\u00e3o seja tomada por maioria absoluta, pelo menos 41 votos. Os senadores Ivo Cassol (PP-RO) e Valdir Raupp (PMDB-RO), votaram pelo retorno de A\u00e9cio Neves \u00e0s suas atividades no Senado.<\/div>\n","protected":false},"excerpt":{"rendered":"<div class=\"mh-excerpt\"><p>O senador Acir Gurgacz (PDT-RO) votou pela a manuten\u00e7\u00e3o das medidas  do Supremo Tribunal Federal (STF) determinando o afastamento tempor\u00e1rio do senador A\u00e9cio Neves (PSDB)  e o seu recolhimento domiciliar.<\/p>\n<\/div>","protected":false},"author":1,"featured_media":15632,"comment_status":"open","ping_status":"closed","sticky":false,"template":"","format":"standard","meta":{"footnotes":""},"categories":[9],"tags":[2382,1460],"class_list":["post-15631","post","type-post","status-publish","format-standard","has-post-thumbnail","hentry","category-politica","tag-acir-vota-sim-para-afastar-aecio","tag-folha-de-rondonia-news"],"_links":{"self":[{"href":"https:\/\/folhaderondonianews.com\/news\/wp-json\/wp\/v2\/posts\/15631","targetHints":{"allow":["GET"]}}],"collection":[{"href":"https:\/\/folhaderondonianews.com\/news\/wp-json\/wp\/v2\/posts"}],"about":[{"href":"https:\/\/folhaderondonianews.com\/news\/wp-json\/wp\/v2\/types\/post"}],"author":[{"embeddable":true,"href":"https:\/\/folhaderondonianews.com\/news\/wp-json\/wp\/v2\/users\/1"}],"replies":[{"embeddable":true,"href":"https:\/\/folhaderondonianews.com\/news\/wp-json\/wp\/v2\/comments?post=15631"}],"version-history":[{"count":0,"href":"https:\/\/folhaderondonianews.com\/news\/wp-json\/wp\/v2\/posts\/15631\/revisions"}],"wp:featuredmedia":[{"embeddable":true,"href":"https:\/\/folhaderondonianews.com\/news\/wp-json\/wp\/v2\/media\/15632"}],"wp:attachment":[{"href":"https:\/\/folhaderondonianews.com\/news\/wp-json\/wp\/v2\/media?parent=15631"}],"wp:term":[{"taxonomy":"category","embeddable":true,"href":"https:\/\/folhaderondonianews.com\/news\/wp-json\/wp\/v2\/categories?post=15631"},{"taxonomy":"post_tag","embeddable":true,"href":"https:\/\/folhaderondonianews.com\/news\/wp-json\/wp\/v2\/tags?post=15631"}],"curies":[{"name":"wp","href":"https:\/\/api.w.org\/{rel}","templated":true}]}}