{"id":1585,"date":"2013-08-12T07:58:15","date_gmt":"2013-08-12T11:58:15","guid":{"rendered":"http:\/\/folhaderondonianews.com\/news\/?p=1585"},"modified":"2013-08-12T07:58:15","modified_gmt":"2013-08-12T11:58:15","slug":"preso-deputado-ladrao-quer-regime-semi-aberto","status":"publish","type":"post","link":"https:\/\/folhaderondonianews.com\/news\/2013\/08\/12\/preso-deputado-ladrao-quer-regime-semi-aberto\/","title":{"rendered":"Preso, deputado ladr\u00e3o quer regime semi-aberto"},"content":{"rendered":"<p><span style=\"font-size: 16px;\">Condenado a mais de 13 anos de pris\u00e3o, o deputado Natan Donadon (RO) espera ficar fora das grades ainda este ano. O ex-peemedebista \u2013que teria de cumprir pelo menos 2 anos, 2 meses e 21 dias em regime fechado \u2013 tentar\u00e1 antecipar progress\u00e3o do regime caso consiga reduzir sua pena na revis\u00e3o criminal. Segundo o advogado Nabor Bulh\u00f5es, que estuda entrar no caso, est\u00e1 prescrito o crime de forma\u00e7\u00e3o de quadrilha.<\/span><\/p>\n<p>&nbsp;<\/p>\n<p><b>Faltou isonomia<\/b><\/p>\n<p>Para Nabor Bulh\u00f5es, o Supremo Tribunal Federal \u201cexagerou\u201d na puni\u00e7\u00e3o de Natan: \u201cEle recebeu o triplo da pena dos autores do crime\u201d.<\/p>\n<p>&nbsp;<\/p>\n<p><b>Alegria de pobre&#8230;.<\/b><\/p>\n<p>Familiares tentam empurrar para setembro a vota\u00e7\u00e3o da cassa\u00e7\u00e3o de Donadon, que o STF considerou ladr\u00e3o transitado em julgado.<\/p>\n<p>&nbsp;<\/p>\n<p><b>&#8230; dura pouco<\/b><\/p>\n<p>Em semiliberdade, Natan planeja participar das atividades legislativas \u2013 inclusive vota\u00e7\u00f5es \u2013 durante o dia, e passar a noite no xilindr\u00f3.<\/p>\n<p>&nbsp;<\/p>\n","protected":false},"excerpt":{"rendered":"<div class=\"mh-excerpt\"><p>Condenado a mais de 13 anos de pris\u00e3o, o deputado Natan Donadon (RO) espera ficar fora das grades ainda este ano. O ex-peemedebista \u2013que teria <a class=\"mh-excerpt-more\" href=\"https:\/\/folhaderondonianews.com\/news\/2013\/08\/12\/preso-deputado-ladrao-quer-regime-semi-aberto\/\" title=\"Preso, deputado ladr\u00e3o quer regime semi-aberto\">[&#8230;]<\/a><\/p>\n<\/div>","protected":false},"author":1,"featured_media":0,"comment_status":"open","ping_status":"closed","sticky":false,"template":"","format":"standard","meta":{"footnotes":""},"categories":[8],"tags":[],"class_list":["post-1585","post","type-post","status-publish","format-standard","hentry","category-coluna-do-gutierrez"],"_links":{"self":[{"href":"https:\/\/folhaderondonianews.com\/news\/wp-json\/wp\/v2\/posts\/1585","targetHints":{"allow":["GET"]}}],"collection":[{"href":"https:\/\/folhaderondonianews.com\/news\/wp-json\/wp\/v2\/posts"}],"about":[{"href":"https:\/\/folhaderondonianews.com\/news\/wp-json\/wp\/v2\/types\/post"}],"author":[{"embeddable":true,"href":"https:\/\/folhaderondonianews.com\/news\/wp-json\/wp\/v2\/users\/1"}],"replies":[{"embeddable":true,"href":"https:\/\/folhaderondonianews.com\/news\/wp-json\/wp\/v2\/comments?post=1585"}],"version-history":[{"count":0,"href":"https:\/\/folhaderondonianews.com\/news\/wp-json\/wp\/v2\/posts\/1585\/revisions"}],"wp:attachment":[{"href":"https:\/\/folhaderondonianews.com\/news\/wp-json\/wp\/v2\/media?parent=1585"}],"wp:term":[{"taxonomy":"category","embeddable":true,"href":"https:\/\/folhaderondonianews.com\/news\/wp-json\/wp\/v2\/categories?post=1585"},{"taxonomy":"post_tag","embeddable":true,"href":"https:\/\/folhaderondonianews.com\/news\/wp-json\/wp\/v2\/tags?post=1585"}],"curies":[{"name":"wp","href":"https:\/\/api.w.org\/{rel}","templated":true}]}}