{"id":16189,"date":"2017-11-30T18:04:03","date_gmt":"2017-11-30T22:04:03","guid":{"rendered":"http:\/\/folhaderondonianews.com\/news\/?p=16189"},"modified":"2017-11-30T18:04:03","modified_gmt":"2017-11-30T22:04:03","slug":"sessao-itinerante-em-nova-colina-informe-legislativo-de-ji-parana","status":"publish","type":"post","link":"https:\/\/folhaderondonianews.com\/news\/2017\/11\/30\/sessao-itinerante-em-nova-colina-informe-legislativo-de-ji-parana\/","title":{"rendered":"Sess\u00e3o itinerante em Nova Colina -Informe Legislativo de Ji-Paran\u00e1"},"content":{"rendered":"<p style=\"font-weight: 400;\">A 38\u00aa Sess\u00e3o Ordin\u00e1ria de ter\u00e7a-feira, 28 de novembro de 2017, foi presidida pelo presidente da C\u00e2mara Municipal de Ji-Paran\u00e1, vereador Affonso C\u00e2ndido (DEM) e secretariada pela vereadora Silvia Cristina (PDT).\u00a0 A sess\u00e3o itinerante foi realizada no Distrito de Nova Colina e nela foram aprovados projetos de lei, requerimentos e debatidos temas de interesse da comunidade ji-paranaense em diversas \u00e1reas.<\/p>\n<p style=\"font-weight: 400;\">\n<p style=\"font-weight: 400;\"><strong>Affonso C\u00e2ndido (DEM)<\/strong><\/p>\n<p style=\"font-weight: 400;\">O presidente Affonso C\u00e2ndido fez a entrega de mo\u00e7\u00f5es de aplausos\u00a0a alunos que se destacaram no rendimento escolar da Escola Estadual de Ensino Fundamental e M\u00e9dio Tup\u00e3, localizada no Distrito de Nova Colina.<\/p>\n<p style=\"font-weight: 400;\"><strong>Requerimentos<\/strong>\u00a0&#8211; O vereador Affonso C\u00e2ndido requereu, ap\u00f3s delibera\u00e7\u00e3o em plen\u00e1rio, o patrolamento e encascalhamento da rua Almerinda Oliveira Flores, no bairro Vila de Rond\u00f4nia.<\/p>\n<p style=\"font-weight: 400;\"><strong>Lorenil Gomes (PTB)<\/strong><\/p>\n<p style=\"font-weight: 400;\">O vereador Lorenil Gomes parabenizou o presidente Affonso C\u00e2ndido (DEM) pela realiza\u00e7\u00e3o da sess\u00e3o itinerante da C\u00e2mara Municipal de Ji-Paran\u00e1 no Distrito de Nova Colina e afirmou que as sess\u00f5es ordin\u00e1rias s\u00e3o presta\u00e7\u00f5es de contas do trabalho dos vereadores ji-paranaenses \u00e0 popula\u00e7\u00e3o.<\/p>\n<p style=\"font-weight: 400;\">\n<p style=\"font-weight: 400;\"><strong>C\u00e2mara Diferenciada<\/strong><\/p>\n<p style=\"font-weight: 400;\">Em seu pronunciamento, Lorenil Gomes disse que o munic\u00edpio de Ji-Paran\u00e1 tem uma C\u00e2mara diferenciada das demais do estado de Rond\u00f4nia por possuir uni\u00e3o entre os vereadores e estar em uma cidade que se desenvolve sem parar. O vereador petebista lembrou que o deputado estadual Laerte Gomes e o presidente da Assembleia Legislativa de Rond\u00f4nia garantiram ao distrito uma ambul\u00e2ncia.<\/p>\n<p style=\"font-weight: 400;\">\n<p style=\"font-weight: 400;\"><strong>Izaias Arnica (PSB)<\/strong><\/p>\n<p style=\"font-weight: 400;\">Ao usar a tribuna, o vereador Izaias Arnica cumprimentou vereadores e o p\u00fablico presentes na sess\u00e3o itinerante no Distrito de Nova Colina. Ao se pronunciar, o vereador lembrou que sempre acompanha eventos esportivos no distrito e agradeceu aos pares por terem aprovado requerimento, de sua autoria, solicitando um fisioterapeuta para o distrito. Izaias Arnica afirmou que est\u00e1 empenhado em atender as demandas de todos os bairros de Ji-Paran\u00e1, incluindo os distritos de Nova Londrina, Nova Colina e linhas rurais para trazer benef\u00edcios para a popula\u00e7\u00e3o.<\/p>\n<p style=\"font-weight: 400;\">\n<p style=\"font-weight: 400;\"><strong>Requerimentos<\/strong>\u00a0&#8211; O vereador Izaias Alves requereu e a CMJP aprovou a recupera\u00e7\u00e3o da rua Guarulhos, entre a rua Castanheira (T-22) e rua Cedro (T-23) no bairro JK e reparos na quadra poliesportiva Bruno Calixto, no bairro Jardim dos Migrantes.<\/p>\n<p style=\"font-weight: 400;\"><strong>Joaquim Teixeira (PMDB)<\/strong><\/p>\n<p style=\"font-weight: 400;\">Ao se dizer feliz por participar da sess\u00e3o itinerante em Nova Colina, o vereador Joaquim Teixeira garantiu que se orgulha da origem humilde, passada no Setor Riachuelo, na zona rural de Ji-Paran\u00e1, e por hoje poder representar os moradores na C\u00e2mara Municipal de Ji-Paran\u00e1. Joaquim Teixeira cumprimentou o vereador Joziel Carlos de Brito (PMDB) por se dedicar ao Distrito de Nova Colina e ressaltou que todos os vereadores se empenham em garantir benef\u00edcios para a comunidade.<\/p>\n<p style=\"font-weight: 400;\">\n<p style=\"font-weight: 400;\"><strong>Escola P\u00e9rola<\/strong><\/p>\n<p style=\"font-weight: 400;\">O vereador recordou do pedido que fez, no in\u00edcio do primeiro mandato, ao prefeito Jesualdo Pires (PSB) para reforma e amplia\u00e7\u00e3o da Escola Municipal P\u00e9rola. Segundo o vereador, a escola foi reconstru\u00edda pela Prefeitura de Ji-Paran\u00e1 para atender melhor a alunos e professores.<\/p>\n<p style=\"font-weight: 400;\">\n<p style=\"font-weight: 400;\"><strong>Requerimentos<\/strong>\u00a0&#8211; Os requerimentos de autoria do vereador Joaquim Teixeira solicitando uma quadra poliesportiva na E.E.E.F.M. Tup\u00e3 no Distrito de Nova Colina; pavimenta\u00e7\u00e3o da rua Princesa Isabel entre rua Paran\u00e1 e rua Tancredo Neves no Distrito de Nova Colina e a reforma da Unidade B\u00e1sica de Sa\u00fade no Distrito de Nova Colina, foram aprovados por unanimidade pelo plen\u00e1rio da C\u00e2mara Municipal de Ji-Paran\u00e1.<\/p>\n<p style=\"font-weight: 400;\">\n<p style=\"font-weight: 400;\"><strong>Cl\u00e1udia de Jesus (PT)<\/strong><\/p>\n<p style=\"font-weight: 400;\">Na sess\u00e3o itinerante, a vereadora Cl\u00e1udia de Jesus ressaltou a import\u00e2ncia de os vereadores da C\u00e2mara de Ji-Paran\u00e1 se deslocarem do Pal\u00e1cio Abel Neves para receber demandas da comunidade. Ela frisou que o papel do vereador \u00e9 de fiscalizar e legislar em nome do cidad\u00e3o e que tarefa de executar os benef\u00edcios \u00e0 popula\u00e7\u00e3o cabe ao prefeito e secret\u00e1rios.<\/p>\n<p style=\"font-weight: 400;\">\n<p style=\"font-weight: 400;\"><strong>40 anos de emancipa\u00e7\u00e3o<\/strong><\/p>\n<p style=\"font-weight: 400;\">A vereadora petista lembrou da passagem dos 40 anos de emancipa\u00e7\u00e3o do munic\u00edpio e que a cidade necessita de uni\u00e3o para que continue melhorando. Em sua opini\u00e3o, o vereador hoje tem o papel de fazer intercess\u00e3o das demandas para que elas possam chegar at\u00e9 o Executivo.<\/p>\n<p style=\"font-weight: 400;\">\n<p style=\"font-weight: 400;\"><strong>Requerimentos &#8211;<\/strong>\u00a0A vereadora Cl\u00e1udia Jesus apresentou requerimentos solicitando a recupera\u00e7\u00e3o asf\u00e1ltica da avenida 31 de Mar\u00e7o, em toda sua extens\u00e3o; contrata\u00e7\u00e3o de um m\u00e9dico ginecologista para a Unidade B\u00e1sica de Sa\u00fade no Distrito de Nova Londrina; reposi\u00e7\u00e3o de lumin\u00e1rias na rua Mato Grosso com inicio na rua Avenca, bairro Santiago at\u00e9 a rua S\u00e3o Manoel, bairro Santa Marta; constru\u00e7\u00e3o de uma quadra esportiva coberta, com banheiros e \u00e1gua encanada na rua Padre Ezequiel Ramin entre as ruas Ant\u00f4nio Silva e Marechal Rondon no Distrito de Nova Colina; contrata\u00e7\u00e3o de um m\u00e9dico ginecologista para a Unidade B\u00e1sica de Sa\u00fade no Distrito de Nova Colina; troca de dois postes de luz na rua Ant\u00f4nio Silva, pr\u00f3ximo ao Idaron no Distrito de Nova Colina.<\/p>\n<p style=\"font-weight: 400;\">\n<p style=\"font-weight: 400;\"><strong>Obadias Ferreira (DEM)<\/strong><\/p>\n<p style=\"font-weight: 400;\">Ao usar a tribuna, o vereador Obadias Ferreira recordou da sess\u00e3o realizada na semana passada no Distrito de Nova Londrina e que dever\u00e1 solicitar ao prefeito Jesualdo Pires a pavimenta\u00e7\u00e3o da rua em frente \u00e0 Escola Estadual Tup\u00e3 no Distrito de Nova Colina, onde ocorreu a sess\u00e3o itinerante. Obadias Ferreira pediu a uni\u00e3o dos vereadores para solicitar das bancadas estadual e federal recursos para benfeitorias na localidade.<\/p>\n<p style=\"font-weight: 400;\"><strong>UBS Nova Colina<\/strong><\/p>\n<p style=\"font-weight: 400;\">Continuando, Obadias Ferreira anunciou que a reforma da UBS de Nova Colina foi novamente requerida ao prefeito Jesualdo Pires, que respondeu que aguarda folga no or\u00e7amento para realizar a obra t\u00e3o necess\u00e1ria aos moradores do distrito.<\/p>\n<p style=\"font-weight: 400;\">\n<p style=\"font-weight: 400;\"><strong>Edilson Vieira (PMDB)<\/strong><\/p>\n<p style=\"font-weight: 400;\">No primeiro ano de seu mandato, em 2013, ao visitar o Distrito de Nova Colina, o vereador Edilson Vieira se deparou com uma sala improvisada, um puxadinho, feita de madeira pelos pais dos alunos da Escola Estadual Tup\u00e3 para atender \u00e0s crian\u00e7as das s\u00e9ries iniciais. O vereador reivindicou um espa\u00e7o para melhor atender \u00e0s crian\u00e7as.<\/p>\n<p style=\"font-weight: 400;\">\n<p style=\"font-weight: 400;\"><strong>Escola In\u00e1cio de Loyola<\/strong><\/p>\n<p style=\"font-weight: 400;\">O vereador peemedebista relatou que solicitou da Secretaria Municipal de Educa\u00e7\u00e3o (Semed) uma nova unidade de ensino para atender \u00e0s crian\u00e7as do distrito que resultou na instala\u00e7\u00e3o do Centro Municipal de Educa\u00e7\u00e3o Infantil In\u00e1cio de Loyola. Ele fez um reconhecimento p\u00fablico do trabalho do vereador Joziel Carlos de Brito pela regi\u00e3o e tamb\u00e9m se colocou \u00e0 disposi\u00e7\u00e3o para o atendimento dos moradores.<\/p>\n<p style=\"font-weight: 400;\">\n<p style=\"font-weight: 400;\"><strong>Requerimentos<\/strong>\u00a0&#8211;\u00a0Foram requeridos pelo vereador Ed\u00edlson Vieira e aprovados pela CMJP instala\u00e7\u00e3o de torres de telefonia celular nos distritos de Nova Colina e Nova Londrina; recupera\u00e7\u00e3o de pavimento asf\u00e1ltico na rua Divino Taquari, trecho entre rua Curitiba e rua Guanabara no bairro Valpara\u00edso; pavimenta\u00e7\u00e3o da rua Colorado do Oeste, em toda sua extens\u00e3o no bairro Cafezinho.<\/p>\n<p style=\"font-weight: 400;\">\n<p style=\"font-weight: 400;\"><strong>Joziel Carlos de Brito (PMDB)<\/strong><\/p>\n<p style=\"font-weight: 400;\">Ap\u00f3s os cumprimentos aos presentes, o vereador Joziel Carlos de Brito informou que o Setor Riachuelo, pr\u00f3ximo ao Distrito de Nova Colina, \u00e9 uma das \u00e1reas mais dif\u00edcies de se trabalhar, diferente de outros setores. Ele relatou que tem buscado parceria com o governo estadual para recuperar estradas rurais e pontes na localidade.<\/p>\n<p style=\"font-weight: 400;\">\n<p style=\"font-weight: 400;\"><strong>Linha 106<\/strong><\/p>\n<p style=\"font-weight: 400;\">Joziel Carlos de Brito informou que foi resolvido um problema crucial na Linha 106 que era uma ponte que h\u00e1 muito tempo estava com problema. O peemedebista garantiu que a ponte, a estrada e os ramais est\u00e3o sendo recuperados com parceria do DER e da Secretaria Municipal de Obras e Servi\u00e7os P\u00fablicos, a Semosp.<\/p>\n<p style=\"font-weight: 400;\">\n<p style=\"font-weight: 400;\"><strong>Alinhamento Pol\u00edtico<\/strong><\/p>\n<p style=\"font-weight: 400;\">O vereador ressaltou o alinhamento pol\u00edtico entre o governo de Rond\u00f4nia e a Prefeitura de Ji-Paran\u00e1 que tem trazido in\u00fameros benef\u00edcios para o munic\u00edpio com as a\u00e7\u00f5es do governador Conf\u00facio Moura (PMDB), o presidente da Assembleia Legislativa, Maur\u00e3o de Carvalho (PMDB), o diretor-geral do DER, Ezequiel Neiva, os deputados estaduais Laerte Gomes (PSDB) e Airton Gurgacz (PDT), e o deputado federal Marcos Rog\u00e9rio (DEM).<\/p>\n<p style=\"font-weight: 400;\">\n<p style=\"font-weight: 400;\"><strong>Silvia Cristina (PDT)<\/strong><\/p>\n<p style=\"font-weight: 400;\">A vereadora Silva Cristina aproveitou o pronunciamento para alertar a popula\u00e7\u00e3o para a import\u00e2ncia do exame preventivo do c\u00e2ncer de mama e que na localidade foram realizados 240 exames. Silvia Cristina tamb\u00e9m anunciou que no pr\u00f3ximo ano o Instituto de Preven\u00e7\u00e3o far\u00e1 agendamentos para novos exames no distrito para mulheres entre 40 e 69 anos. A data para os exames ser\u00e1 discutida com o administrador de\u00a0\u00a0Nova Colina e o diretor da UBS.<\/p>\n<p style=\"font-weight: 400;\">\n<p style=\"font-weight: 400;\"><strong>Requerimentos &#8211;<\/strong>\u00a0A vereadora Silvia Cristina requereu, ap\u00f3s delibera\u00e7\u00e3o em plen\u00e1rio, a constru\u00e7\u00e3o de um Parque de Pneus no Distrito de Nova Colina; o reparo do trecho que liga o munic\u00edpio de Ji-Paran\u00e1 ao Distrito de Nova Colina (Linha 82, RO-133); tapa-buraco na avenida Edson Lima do Nascimento, entre rua Eduardo B. Silva e rua Jos\u00e9 de Almeida; sinaliza\u00e7\u00e3o de ruas A, B, C, D, E, F, G, H, I, J, K, L, M, N, O no bairro BNH; reparo na avenida JK, entre a rua 22 de Novembro e rua 15 de Novembro no bairro Casa Preta; faixa de pedestre em frente a E.E.E.F.M. Lauro Benno Prediger, na rua 31 de Mar\u00e7o.<\/p>\n<p style=\"font-weight: 400;\">\n<p style=\"font-weight: 400;\"><strong>Novo Mam\u00f3grafo<\/strong><\/p>\n<p style=\"font-weight: 400;\">A vereadora anunciou a doa\u00e7\u00e3o de um novo mam\u00f3grafo pela empresa Vale do Rio Doce e que, em breve, o equipamento estar\u00e1 instalado em Ji-Paran\u00e1. E al\u00e9m dos exames de mamografia e ultrassonografia, no pr\u00f3ximo ano tamb\u00e9m ser\u00e3o feitos exames de biopsia, hoje realizados somente em Porto Velho.<\/p>\n<p style=\"font-weight: 400;\">\n<p style=\"font-weight: 400;\"><strong>Ademilson Proc\u00f3pio (PTB)<\/strong><\/p>\n<p style=\"font-weight: 400;\">O vereador petebista voltou a tratar do veto do prefeito ao projeto que autoriza carona, em dias de reuni\u00f5es nas escolas, de pais ou respons\u00e1veis em \u00f4nibus que realizam o transporte escolar. De acordo com Ademilson Proc\u00f3pio, os vereadores derrubaram o veto por entenderem que o cidad\u00e3o tem direito de utilizar o transporte, desde que n\u00e3o tenha outro meio para se locomover, participar das atividades escolares dos filhos.<\/p>\n<p style=\"font-weight: 400;\">\n<p style=\"font-weight: 400;\"><strong>Rua Conrado de Abreu<\/strong><\/p>\n<p style=\"font-weight: 400;\">Sobre a recupera\u00e7\u00e3o da rua Conrado de Abreu no bairro 2 de Abril, solicitada pela vereadora Silvia Cristina, Ademilson Proc\u00f3pio afirmou que a Semosp n\u00e3o est\u00e1 tendo estrutura para exercer o trabalho que os moradores necessitam.<\/p>\n<p style=\"font-weight: 400;\">\n<p style=\"font-weight: 400;\"><strong>Fitha<\/strong><\/p>\n<p style=\"font-weight: 400;\">Sobre o conv\u00eanio do Fitha, entre o governo estadual e a Prefeitura de Ji-Paran\u00e1, o vereador alertou que se fizerem a limpeza das estradas junto com o encascalhamento n\u00e3o vai adiantar. Ele elogiou o servi\u00e7o de limpeza para escoamento das \u00e1guas das chuvas, mas cobrou o encascamento nas estradas vicinais.<\/p>\n<p style=\"font-weight: 400;\">\n<p style=\"font-weight: 400;\"><strong>Requerimentos &#8211;<\/strong>\u00a0O vereador Ademilson Proc\u00f3pio solicitou da Prefeitura de Ji-Paran\u00e1 e a C\u00e2mara aprovou a recupera\u00e7\u00e3o da malha asf\u00e1ltica na rua Tancredo Neves, em toda sua extens\u00e3o no bairro Jardim Presidencial; recupera\u00e7\u00e3o da malha asf\u00e1ltica na rua Castelo Branco, em toda sua extens\u00e3o no bairro Jardim Presidencial; recupera\u00e7\u00e3o do bloqueteamento da rua Porto Velho, esquina com rua rio Guapor\u00e9 no bairro Dom Bosco e a recupera\u00e7\u00e3o da malha asf\u00e1ltica da rua 22 de Novembro, entre a avenida JK e Dom Bosco no bairro Casa Preta.<\/p>\n<p style=\"font-weight: 400;\">\n<p style=\"font-weight: 400;\"><strong>Du Galdino (PSDB)<\/strong><\/p>\n<p style=\"font-weight: 400;\">O vereador Du Galdino voltou a se manifestar a respeito da rede de esgoto dos residenciais Bosques dos Ip\u00eas I e II. Segundo o parlamentar, os moradores v\u00e3o novamente passar as festas de fim de ano no meio das fezes humanas. O vereador afirmou que o problema existe h\u00e1 tr\u00eas anos, sem uma solu\u00e7\u00e3o.<\/p>\n<p style=\"font-weight: 400;\">\n<p style=\"font-weight: 400;\"><strong>Licen\u00e7a Ambiental<\/strong><\/p>\n<p style=\"font-weight: 400;\">O vereador tucano afirmou que estive com representantes da empresa que venceu a licita\u00e7\u00e3o para execu\u00e7\u00e3o da obra e que os trabalhos ainda n\u00e3o foram iniciados por conta da falta de licen\u00e7a ambiental da Secretaria Municipal de Meio Ambiente (Semeia). Na Semeia, Du Galdino foi informado que a licen\u00e7a ambiental ser\u00e1 liberada o mais r\u00e1pido poss\u00edvel. Ele pediu agilidade do secret\u00e1rio Reinaldo Pereira para resolver a quest\u00e3o.<\/p>\n<p style=\"font-weight: 400;\">\n<p style=\"font-weight: 400;\"><strong>Ida Fernandes (PV)<\/strong><\/p>\n<p style=\"font-weight: 400;\">No seu pronunciamento, a vereadora Ida Fernandes tratou do abaixo-assinado de moradores da rua das Mangueiras no bairro Jardim Presidencial, recebido pelo secret\u00e1rio de Obras, Milton F\u00e9lix, solicitando a recupera\u00e7\u00e3o da via p\u00fablica. De acordo com os moradores, eles est\u00e3o sem condi\u00e7\u00f5es de entrar em casa por causa do estado da rua.<\/p>\n<p style=\"font-weight: 400;\">\n<p style=\"font-weight: 400;\"><strong>\u00a0POC Itinerante<\/strong><\/p>\n<p style=\"font-weight: 400;\">Ida Fernandes anunciou para janeiro de 2108 uma nova POC Itinerante para tratar exclusivamente dos casos de oftalmologia. Ele orientou aos pacientes de necessitam de cirurgias de cataratas que fa\u00e7am o cadastro na Secretaria Municipal de Sa\u00fade (Semusa) e para aqueles que j\u00e1 preencheram o documento, que atualizem os dados e renovem o cart\u00e3o do SUS para agendamento do procedimento cir\u00fargico. O contato \u00e9 feito por telefone.<\/p>\n<p style=\"font-weight: 400;\">\n<p style=\"font-weight: 400;\"><strong>Requerimentos\u00a0<\/strong>&#8211;\u00a0Ida Fernandes reivindicou a pavimenta\u00e7\u00e3o asf\u00e1ltica da rua M\u00e9xico, entre rua Caf\u00e9 Filho e av. das Seringueiras, no bairro Jardim das Seringueiras; a pavimenta\u00e7\u00e3o asf\u00e1ltica na rua Cruzeiro do Sul, entre rua Vin\u00edcius de Moraes e av. das Seringueiras, no bairro S\u00e3o Pedro; pavimenta\u00e7\u00e3o asf\u00e1ltica na rua Pl\u00e1cido de Castro, entre rua Vin\u00edcius de Moraes e av. das Seringueiras, no bairro S\u00e3o Pedro; pavimenta\u00e7\u00e3o asf\u00e1ltica na rua das Mangueiras, entre rua Tancredo Neves e rua Piau\u00ed, no bairro Jardim Presidencial; encascalhamento no trecho da Rua das Mangueiras, entre a rua Tancredo Neves e rua Piau\u00ed, no bairro Jardim Presidencial.<\/p>\n<p style=\"font-weight: 400;\"><strong>Marcelo Lemos (PDS)<\/strong><\/p>\n<p style=\"font-weight: 400;\">O vereador Marcelo Lemos refor\u00e7ou a iniciativa do presidente Affonso C\u00e2ndido em realizar as sess\u00f5es itinerantes para aproximar a comunidade dos trabalhos da C\u00e2mara Municipal de Ji-Paran\u00e1. Ao discursar da tribuna, ele agradeceu pelo trabalho do presidente da Assembleia Legislativa, Maur\u00e3o de Carvalho (PMDB) e do deputado Laerte Gomes (PSDB) na cidade de Ji-Paran\u00e1, inclusive no Distrito de Nova Colina como emenda de uma ambul\u00e2ncia.<\/p>\n<p style=\"font-weight: 400;\">\n<p style=\"font-weight: 400;\"><strong>Requerimentos<\/strong>\u00a0&#8211;\u00a0Os requerimentos propostos pelo vereador Marcelo Lemos solicitando ilumina\u00e7\u00e3o das quadras de esportes do bairro Capelasso; troca de l\u00e2mpadas queimadas no bairro Capelasso; ilumina\u00e7\u00e3o das pra\u00e7as do bairro Capelasso; realiza\u00e7\u00e3o de sess\u00e3o ordin\u00e1ria itinerante na Aldeia Ikolen no Distrito de Nova Colina; recupera\u00e7\u00e3o asf\u00e1ltica das ruas 6 de Maio, Dom Bosco e Fernand\u00e3o no bairro Dom Bosco; recupera\u00e7\u00e3o rua Bauru, entre T-27 e T-28 no bairro Alto Alegre; provid\u00eancias do Poder Executivo quanto \u00e0 obrigatoriedade da empresa Coolpeza a disponibilizar em seus caminh\u00f5es ferramentas de limpeza (p\u00e1, enxada e vassoura); provid\u00eancias do Poder Executivo para obrigatoriedade por parte da empresa Coolpeza realizar o fechamento do coletor de chorume de seus caminh\u00f5es; recupera\u00e7\u00e3o da rua Mato Grosso, trecho entre rua Padre Adolfo e rua Fernand\u00e3o no bairro Casa Preta e Dom Bosco, foram aprovados por unanimidade.<\/p>\n<p style=\"font-weight: 400;\"><strong>Jhony Paix\u00e3o (PRB) Jhony<\/strong><\/p>\n<p style=\"font-weight: 400;\"><strong>Requerimentos<\/strong>\u00a0&#8211;\u00a0O vereador Jhony Paix\u00e3o solicitou o patrolamento e encascalhamento da rua Rui Barbosa, em toda sua extens\u00e3o no bairro Duque de Caxias; patrolamento e cascalhamento da rua Jamil Vilas Boas, em toda sua extens\u00e3o no bairro Duque de Caxias; patrolamento e cascalhamento da rua Jo\u00e3o Pessoa, em toda sua extens\u00e3o no bairro S\u00e3o Francisco; patrolamento e cascalhamento da rua Onda Verde.<\/p>\n<p style=\"font-weight: 400;\">\n<p style=\"font-weight: 400;\"><strong>Projeto discutido e aprovado em vota\u00e7\u00e3o \u00fanica<\/strong><\/p>\n<p style=\"font-weight: 400;\">&#8211; Projeto de Decreto Legislativo no 228\/2017, que \u201cConcede o t\u00edtulo honor\u00edfico de<\/p>\n<p style=\"font-weight: 400;\">Cidad\u00e3o Honor\u00e1rio Jiparanaense ao Ilustr\u00edssimo senhor Maikon Batista de<\/p>\n<p style=\"font-weight: 400;\">Andrade\u201d.<\/p>\n<p style=\"font-weight: 400;\"><strong>\u00a0<\/strong><\/p>\n<p style=\"font-weight: 400;\"><strong>Projetos discutidos e aprovados em segunda vota\u00e7\u00e3o<\/strong><\/p>\n<p style=\"font-weight: 400;\">&#8211; Projeto de Lei no 3669\/2017 (2743 de origem), que \u201cEstima a receita e fixa a<\/p>\n<p style=\"font-weight: 400;\">despesa do munic\u00edpio de Ji-Paran\u00e1 para o exerc\u00edcio financeiro de 2018\u201d.<\/p>\n<p style=\"font-weight: 400;\">&#8211; Projeto de Lei no 3670\/2017 (2744 de origem), que \u201cDisp\u00f5e sobre o Plano<\/p>\n<p style=\"font-weight: 400;\">Plurianual para o quadri\u00eanio 2018\/2021,\u00a0\u00a0e d\u00e1 outras provid\u00eancias\u201d.<\/p>\n<p style=\"font-weight: 400;\">&#8211; Projeto de Lei no 3674\/2017, que \u201cInstitui o Dia Municipal do Ciclista no \u00e2mbito<\/p>\n<p style=\"font-weight: 400;\">do Munic\u00edpio de Ji-Paran\u00e1 e d\u00e1 outras provid\u00eancias\u201d.<\/p>\n","protected":false},"excerpt":{"rendered":"<div class=\"mh-excerpt\"><p> Foram aprovados projetos de lei, requerimentos e debatidos temas de interesse da comunidade ji-paranaense em diversas \u00e1reas.<\/p>\n<\/div>","protected":false},"author":1,"featured_media":16190,"comment_status":"open","ping_status":"closed","sticky":false,"template":"","format":"standard","meta":{"footnotes":""},"categories":[9],"tags":[2502,2457],"class_list":["post-16189","post","type-post","status-publish","format-standard","has-post-thumbnail","hentry","category-politica","tag-distrito","tag-nova-colina"],"_links":{"self":[{"href":"https:\/\/folhaderondonianews.com\/news\/wp-json\/wp\/v2\/posts\/16189","targetHints":{"allow":["GET"]}}],"collection":[{"href":"https:\/\/folhaderondonianews.com\/news\/wp-json\/wp\/v2\/posts"}],"about":[{"href":"https:\/\/folhaderondonianews.com\/news\/wp-json\/wp\/v2\/types\/post"}],"author":[{"embeddable":true,"href":"https:\/\/folhaderondonianews.com\/news\/wp-json\/wp\/v2\/users\/1"}],"replies":[{"embeddable":true,"href":"https:\/\/folhaderondonianews.com\/news\/wp-json\/wp\/v2\/comments?post=16189"}],"version-history":[{"count":0,"href":"https:\/\/folhaderondonianews.com\/news\/wp-json\/wp\/v2\/posts\/16189\/revisions"}],"wp:featuredmedia":[{"embeddable":true,"href":"https:\/\/folhaderondonianews.com\/news\/wp-json\/wp\/v2\/media\/16190"}],"wp:attachment":[{"href":"https:\/\/folhaderondonianews.com\/news\/wp-json\/wp\/v2\/media?parent=16189"}],"wp:term":[{"taxonomy":"category","embeddable":true,"href":"https:\/\/folhaderondonianews.com\/news\/wp-json\/wp\/v2\/categories?post=16189"},{"taxonomy":"post_tag","embeddable":true,"href":"https:\/\/folhaderondonianews.com\/news\/wp-json\/wp\/v2\/tags?post=16189"}],"curies":[{"name":"wp","href":"https:\/\/api.w.org\/{rel}","templated":true}]}}