{"id":16192,"date":"2017-11-30T20:59:09","date_gmt":"2017-12-01T00:59:09","guid":{"rendered":"http:\/\/folhaderondonianews.com\/news\/?p=16192"},"modified":"2017-11-30T21:03:23","modified_gmt":"2017-12-01T01:03:23","slug":"stf-autoriza-dispensa-da-validacao-de-diploma-de-estrangeiros-e-mantem-mais-medicos","status":"publish","type":"post","link":"https:\/\/folhaderondonianews.com\/news\/2017\/11\/30\/stf-autoriza-dispensa-da-validacao-de-diploma-de-estrangeiros-e-mantem-mais-medicos\/","title":{"rendered":"STF autoriza dispensa da valida\u00e7\u00e3o de diploma de estrangeiros e mant\u00e9m Mais M\u00e9dicos"},"content":{"rendered":"<p>O Supremo Tribunal Federal (STF) validou nesta quinta-feira (30\/11), por 6 votos a 2, o programa Mais M\u00e9dicos, lan\u00e7ado em 2013 pela ent\u00e3o presidente Dilma Rousseff.<\/p>\n<p>O ministro relator Marco Aur\u00e9lio\u00a0recomendou derrubar regras relativas \u00e0 habilita\u00e7\u00e3o dos estrangeiros e ao pagamento menor recebido pelos m\u00e9dicos cubanos, cuja maior parte do sal\u00e1rio \u00e9 destinada a Cuba.\u00a0Somente a ministra Rosa Weber acompanhou o voto do relator.<\/p>\n<p>Os ministros Alexandre de Moraes, Edson Fachin, Luiz Fux, Gilmar Mendes, Celso de Mello e C\u00e1rmen L\u00facia votaram a favor da validade total do programa federal.<\/p>\n<p>As a\u00e7\u00f5es foram apresentadas ao STF pela Associa\u00e7\u00e3o M\u00e9dica Brasileira (AMB) e pela Confedera\u00e7\u00e3o Nacional dos Trabalhadores Universit\u00e1rios Regulamentados (CNTU), que\u00a0questionavam a aus\u00eancia de comprova\u00e7\u00e3o de conhecimento da l\u00edngua portuguesa pelos estrangeiros e a contrata\u00e7\u00e3o dos profissionais sem realiza\u00e7\u00e3o de concurso p\u00fablico.<\/p>\n<p>A Corte entendeu que a Medida Provis\u00f3ria (MP) 621\/2013 \u00e9 constitucional, inclusive nos artigos que permitiram a contrata\u00e7\u00e3o de m\u00e9dicos estrangeiros sem revalida\u00e7\u00e3o do diploma e altera\u00e7\u00f5es nos cursos de medicina para enfatizar o atendimento na sa\u00fade b\u00e1sica.<\/p>\n<p>Durante o julgamento, a ministra da Advocacia-Geral da Uni\u00e3o (AGU), Gracie Mendon\u00e7a, defendeu a validade da norma e afirmou que a cria\u00e7\u00e3o dos Mais M\u00e9dicos foi baseada no entendimento de que os estudantes de medicina tamb\u00e9m devem ter forma\u00e7\u00e3o para atuar na aten\u00e7\u00e3o b\u00e1sica e no servi\u00e7o de urg\u00eancia. A ministra tamb\u00e9m citou que 85% dos problemas de sa\u00fade podem ser resolvidos na aten\u00e7\u00e3o b\u00e1sica ao cidad\u00e3o.<\/p>\n<p>\u201cO que se buscou foi construir um grande programa que viesse trazer um olhar diferenciado, em especial para aquelas comunidades mais carentes, e em especial para aquela popula\u00e7\u00e3o presente em munic\u00edpios que viviam praticamente em estado de extrema pobreza\u201d, disse Gracie.\u00a0<em>(Com Ag\u00eancia Brasil)<\/em><\/p>\n","protected":false},"excerpt":{"rendered":"<div class=\"mh-excerpt\"><p>O Supremo Tribunal Federal (STF) validou nesta quinta-feira (30\/11), por 6 votos a 2, o programa Mais M\u00e9dicos, lan\u00e7ado em 2013 pela ent\u00e3o presidente Dilma Rousseff.<\/p>\n<\/div>","protected":false},"author":1,"featured_media":16193,"comment_status":"open","ping_status":"closed","sticky":false,"template":"","format":"standard","meta":{"footnotes":""},"categories":[5],"tags":[2503,297],"class_list":["post-16192","post","type-post","status-publish","format-standard","has-post-thumbnail","hentry","category-brasil","tag-mais-medicos","tag-stf"],"_links":{"self":[{"href":"https:\/\/folhaderondonianews.com\/news\/wp-json\/wp\/v2\/posts\/16192","targetHints":{"allow":["GET"]}}],"collection":[{"href":"https:\/\/folhaderondonianews.com\/news\/wp-json\/wp\/v2\/posts"}],"about":[{"href":"https:\/\/folhaderondonianews.com\/news\/wp-json\/wp\/v2\/types\/post"}],"author":[{"embeddable":true,"href":"https:\/\/folhaderondonianews.com\/news\/wp-json\/wp\/v2\/users\/1"}],"replies":[{"embeddable":true,"href":"https:\/\/folhaderondonianews.com\/news\/wp-json\/wp\/v2\/comments?post=16192"}],"version-history":[{"count":0,"href":"https:\/\/folhaderondonianews.com\/news\/wp-json\/wp\/v2\/posts\/16192\/revisions"}],"wp:featuredmedia":[{"embeddable":true,"href":"https:\/\/folhaderondonianews.com\/news\/wp-json\/wp\/v2\/media\/16193"}],"wp:attachment":[{"href":"https:\/\/folhaderondonianews.com\/news\/wp-json\/wp\/v2\/media?parent=16192"}],"wp:term":[{"taxonomy":"category","embeddable":true,"href":"https:\/\/folhaderondonianews.com\/news\/wp-json\/wp\/v2\/categories?post=16192"},{"taxonomy":"post_tag","embeddable":true,"href":"https:\/\/folhaderondonianews.com\/news\/wp-json\/wp\/v2\/tags?post=16192"}],"curies":[{"name":"wp","href":"https:\/\/api.w.org\/{rel}","templated":true}]}}