{"id":16195,"date":"2017-11-30T22:19:58","date_gmt":"2017-12-01T02:19:58","guid":{"rendered":"http:\/\/folhaderondonianews.com\/news\/?p=16195"},"modified":"2017-11-30T22:19:58","modified_gmt":"2017-12-01T02:19:58","slug":"prefeitura-de-medici-faz-quatro-inauguracoes-neste-sabado","status":"publish","type":"post","link":"https:\/\/folhaderondonianews.com\/news\/2017\/11\/30\/prefeitura-de-medici-faz-quatro-inauguracoes-neste-sabado\/","title":{"rendered":"Prefeitura de M\u00e9dici faz quatro inaugura\u00e7\u00f5es neste s\u00e1bado"},"content":{"rendered":"<div class=\"td-post-header\">\n<header class=\"td-post-title\">Trata-se do Gin\u00e1sio Poliesportivo Raimundo Eleoneldes dos Santos, com emenda do Senador Acir Gurgacz,\u00a0 Est\u00e1dio Municipal Eduardo Anchieta e Playground no Centro Cultural com emendas do deputado estadual Airton Gurgacz, al\u00e9m do pr\u00e9dio para a Feira do Produtor, com emenda do ex-deputado federal Anselmo de Jesus.<\/p>\n<p>O prefeito Edilson Alencar convida toda a popula\u00e7\u00e3o de Presidente M\u00e9dici para a inaugura\u00e7\u00e3o de quatro obras no munic\u00edpio, tr\u00eas delas frutos de emendas do Senador Acir Gurgacz e do deputado estadual Airton Gurgacz, que j\u00e1 confirmaram presen\u00e7a. A cerim\u00f4nia acontecer\u00e1 no Pr\u00e9dio da Prefeitura, \u00e0s 9 horas deste s\u00e1bado e, ap\u00f3s o ato, autoridades e convidados percorrer\u00e3o as obras entregues oficialmente aos moradores da cidade.<\/p>\n<figure id=\"attachment_3091\" aria-describedby=\"caption-attachment-3091\" style=\"width: 4297px\" class=\"wp-caption alignnone\"><a href=\"http:\/\/www.portalvoz.com.br\/wp-content\/uploads\/2017\/11\/ACIR-E-AIRTON.jpg\"><img decoding=\"async\" class=\"td-animation-stack-type0-2 wp-image-3091 size-full lazyload\" data-src=\"http:\/\/www.portalvoz.com.br\/wp-content\/uploads\/2017\/11\/ACIR-E-AIRTON.jpg\" data-sizes=\"(max-width: 4297px) 100vw, 4297px\" data-srcset=\"http:\/\/www.portalvoz.com.br\/wp-content\/uploads\/2017\/11\/ACIR-E-AIRTON.jpg 4297w, http:\/\/www.portalvoz.com.br\/wp-content\/uploads\/2017\/11\/ACIR-E-AIRTON-300x130.jpg 300w, http:\/\/www.portalvoz.com.br\/wp-content\/uploads\/2017\/11\/ACIR-E-AIRTON-768x332.jpg 768w, http:\/\/www.portalvoz.com.br\/wp-content\/uploads\/2017\/11\/ACIR-E-AIRTON-1024x442.jpg 1024w, http:\/\/www.portalvoz.com.br\/wp-content\/uploads\/2017\/11\/ACIR-E-AIRTON-696x301.jpg 696w, http:\/\/www.portalvoz.com.br\/wp-content\/uploads\/2017\/11\/ACIR-E-AIRTON-1068x461.jpg 1068w, http:\/\/www.portalvoz.com.br\/wp-content\/uploads\/2017\/11\/ACIR-E-AIRTON-972x420.jpg 972w\" alt=\"Senador Acir Gurgacz e deputado estadual Airton Gurgacz confirmam presen\u00e7a no evento.\" width=\"4297\" height=\"1856\" src=\"data:image\/svg+xml;base64,PHN2ZyB3aWR0aD0iMSIgaGVpZ2h0PSIxIiB4bWxucz0iaHR0cDovL3d3dy53My5vcmcvMjAwMC9zdmciPjwvc3ZnPg==\" style=\"--smush-placeholder-width: 4297px; --smush-placeholder-aspect-ratio: 4297\/1856;\" \/><\/a><figcaption id=\"caption-attachment-3091\" class=\"wp-caption-text\">Senador Acir Gurgacz e deputado estadual Airton Gurgacz confirmam presen\u00e7a no evento.<\/figcaption><\/figure>\n<\/header>\n<\/div>\n<div class=\"td-post-content\">\n<p>&nbsp;<\/p>\n<h2><strong><em>Reforma do Vesti\u00e1rio do Est\u00e1dio Municipal Eduardo Anchieta<\/em><\/strong><\/h2>\n<p><a href=\"http:\/\/www.portalvoz.com.br\/wp-content\/uploads\/2017\/11\/thumbnail_ss.jpg\"><img decoding=\"async\" class=\"alignnone size-full wp-image-3092 td-animation-stack-type0-2 lazyload\" data-src=\"http:\/\/www.portalvoz.com.br\/wp-content\/uploads\/2017\/11\/thumbnail_ss.jpg\" data-sizes=\"(max-width: 357px) 100vw, 357px\" data-srcset=\"http:\/\/www.portalvoz.com.br\/wp-content\/uploads\/2017\/11\/thumbnail_ss.jpg 357w, http:\/\/www.portalvoz.com.br\/wp-content\/uploads\/2017\/11\/thumbnail_ss-300x137.jpg 300w, http:\/\/www.portalvoz.com.br\/wp-content\/uploads\/2017\/11\/thumbnail_ss-356x163.jpg 356w\" alt=\"\" width=\"357\" height=\"163\" src=\"data:image\/svg+xml;base64,PHN2ZyB3aWR0aD0iMSIgaGVpZ2h0PSIxIiB4bWxucz0iaHR0cDovL3d3dy53My5vcmcvMjAwMC9zdmciPjwvc3ZnPg==\" style=\"--smush-placeholder-width: 357px; --smush-placeholder-aspect-ratio: 357\/163;\" \/><\/a><\/p>\n<p>Com o custo global de R$ 157.895,00, a emenda do deputado estadual Airton Gurgacz e contra partida da Administra\u00e7\u00e3o Municipal possibilitaram a completa reforma do vesti\u00e1rio do Est\u00e1dio Municipal Eduardo Anchieta. A melhoria inclui a reforma do telhado, implanta\u00e7\u00e3o de novas estruturas met\u00e1lica, el\u00e9trica e hidr\u00e1ulica e nova pintura, permitindo que os esportistas que utilizam o local voltem a contar com uma estrutura adequada e moderna a cada evento esportivo realizado por l\u00e1.<\/p>\n<p>&nbsp;<\/p>\n<h2><strong><em>Reforma do Gin\u00e1sio Poliesportivo Raimundo Eleoneldes dos Santos<\/em><\/strong><\/h2>\n<p><a href=\"http:\/\/www.portalvoz.com.br\/wp-content\/uploads\/2017\/11\/thumbnail_IMG_5086.jpg\"><img decoding=\"async\" class=\"alignnone size-full wp-image-3093 td-animation-stack-type0-2 lazyload\" data-src=\"http:\/\/www.portalvoz.com.br\/wp-content\/uploads\/2017\/11\/thumbnail_IMG_5086.jpg\" data-sizes=\"(max-width: 1246px) 100vw, 1246px\" data-srcset=\"http:\/\/www.portalvoz.com.br\/wp-content\/uploads\/2017\/11\/thumbnail_IMG_5086.jpg 1246w, http:\/\/www.portalvoz.com.br\/wp-content\/uploads\/2017\/11\/thumbnail_IMG_5086-300x155.jpg 300w, http:\/\/www.portalvoz.com.br\/wp-content\/uploads\/2017\/11\/thumbnail_IMG_5086-768x397.jpg 768w, http:\/\/www.portalvoz.com.br\/wp-content\/uploads\/2017\/11\/thumbnail_IMG_5086-1024x529.jpg 1024w, http:\/\/www.portalvoz.com.br\/wp-content\/uploads\/2017\/11\/thumbnail_IMG_5086-696x360.jpg 696w, http:\/\/www.portalvoz.com.br\/wp-content\/uploads\/2017\/11\/thumbnail_IMG_5086-1068x552.jpg 1068w, http:\/\/www.portalvoz.com.br\/wp-content\/uploads\/2017\/11\/thumbnail_IMG_5086-813x420.jpg 813w\" alt=\"\" width=\"1246\" height=\"644\" src=\"data:image\/svg+xml;base64,PHN2ZyB3aWR0aD0iMSIgaGVpZ2h0PSIxIiB4bWxucz0iaHR0cDovL3d3dy53My5vcmcvMjAwMC9zdmciPjwvc3ZnPg==\" style=\"--smush-placeholder-width: 1246px; --smush-placeholder-aspect-ratio: 1246\/644;\" \/><\/a><\/p>\n<p>Gra\u00e7as a emenda do senador Acir Gurgacz, a popula\u00e7\u00e3o tem de volta o Gin\u00e1sio Poliesportivo Raimundo Eleoneldes dos Santos, que h\u00e1 cerca de dois anos estava fechado para reformas. A comunidade esportiva j\u00e1 sentia falta do espa\u00e7o que ganhou nova pintura, completa troca do piso, fechamento frontal e traseiro, passando a oferecer uma estrutura bem mais moderna a todos os seus usu\u00e1rios. A emenda obtida por Acir junto ao Minist\u00e9rio do Esporte, tem o valor de R$ 252.530,00, j\u00e1 contando a contrapartida da Prefeitura.<\/p>\n<p>&nbsp;<\/p>\n<h2><strong><em>Entrega oficial da Feira do Produtor<\/em><\/strong><\/h2>\n<p><a href=\"http:\/\/www.portalvoz.com.br\/wp-content\/uploads\/2017\/11\/thumbnail_IMG_5116.jpg\"><img decoding=\"async\" class=\"alignnone size-full wp-image-3094 td-animation-stack-type0-2 lazyload\" data-src=\"http:\/\/www.portalvoz.com.br\/wp-content\/uploads\/2017\/11\/thumbnail_IMG_5116.jpg\" data-sizes=\"(max-width: 1239px) 100vw, 1239px\" data-srcset=\"http:\/\/www.portalvoz.com.br\/wp-content\/uploads\/2017\/11\/thumbnail_IMG_5116.jpg 1239w, http:\/\/www.portalvoz.com.br\/wp-content\/uploads\/2017\/11\/thumbnail_IMG_5116-300x124.jpg 300w, http:\/\/www.portalvoz.com.br\/wp-content\/uploads\/2017\/11\/thumbnail_IMG_5116-768x317.jpg 768w, http:\/\/www.portalvoz.com.br\/wp-content\/uploads\/2017\/11\/thumbnail_IMG_5116-1024x422.jpg 1024w, http:\/\/www.portalvoz.com.br\/wp-content\/uploads\/2017\/11\/thumbnail_IMG_5116-696x287.jpg 696w, http:\/\/www.portalvoz.com.br\/wp-content\/uploads\/2017\/11\/thumbnail_IMG_5116-1068x440.jpg 1068w, http:\/\/www.portalvoz.com.br\/wp-content\/uploads\/2017\/11\/thumbnail_IMG_5116-1018x420.jpg 1018w\" alt=\"\" width=\"1239\" height=\"511\" src=\"data:image\/svg+xml;base64,PHN2ZyB3aWR0aD0iMSIgaGVpZ2h0PSIxIiB4bWxucz0iaHR0cDovL3d3dy53My5vcmcvMjAwMC9zdmciPjwvc3ZnPg==\" style=\"--smush-placeholder-width: 1239px; --smush-placeholder-aspect-ratio: 1239\/511;\" \/><\/a><\/p>\n<p>A partir deste s\u00e1bado, os 78 produtores rurais e suas fam\u00edlias que atuam na Feira do Produtor, nas tardes de quarta-feira, e nas manh\u00e3s e tardes dos s\u00e1bados, recebem oficial o novo espa\u00e7o que os abriga desde o \u00faltimo m\u00eas de setembro. A mega estrutura coberta, que permite abriga-los do sol e da chuva, e assim permitir a comercializa\u00e7\u00e3o dos mais diversos produtos independentemente da situa\u00e7\u00e3o clim\u00e1tica, os trouxe para a regi\u00e3o central da zona urbana do munic\u00edpio, e ainda disponibiliza de banheiros com acessibilidade, cozinha e escrit\u00f3rio.<\/p>\n<p>A obra, no valor de R$ 505.000,00, foi realizada atrav\u00e9s de emenda do ent\u00e3o deputado federal Anselmo de Jesus junto ao Minist\u00e9rio da Defesa, atrav\u00e9s do Programa Calha Norte (PCN).<\/p>\n<p>&nbsp;<\/p>\n<h2><strong><em>Playground no Centro Cultural<\/em><\/strong><\/h2>\n<p><a href=\"http:\/\/www.portalvoz.com.br\/wp-content\/uploads\/2017\/11\/thumbnail_IMG_5071.jpg\"><img decoding=\"async\" class=\"alignnone size-full wp-image-3095 td-animation-stack-type0-2 lazyload\" data-src=\"http:\/\/www.portalvoz.com.br\/wp-content\/uploads\/2017\/11\/thumbnail_IMG_5071.jpg\" data-sizes=\"(max-width: 1277px) 100vw, 1277px\" data-srcset=\"http:\/\/www.portalvoz.com.br\/wp-content\/uploads\/2017\/11\/thumbnail_IMG_5071.jpg 1277w, http:\/\/www.portalvoz.com.br\/wp-content\/uploads\/2017\/11\/thumbnail_IMG_5071-300x164.jpg 300w, http:\/\/www.portalvoz.com.br\/wp-content\/uploads\/2017\/11\/thumbnail_IMG_5071-768x419.jpg 768w, http:\/\/www.portalvoz.com.br\/wp-content\/uploads\/2017\/11\/thumbnail_IMG_5071-1024x558.jpg 1024w, http:\/\/www.portalvoz.com.br\/wp-content\/uploads\/2017\/11\/thumbnail_IMG_5071-696x379.jpg 696w, http:\/\/www.portalvoz.com.br\/wp-content\/uploads\/2017\/11\/thumbnail_IMG_5071-1068x582.jpg 1068w, http:\/\/www.portalvoz.com.br\/wp-content\/uploads\/2017\/11\/thumbnail_IMG_5071-771x420.jpg 771w\" alt=\"\" width=\"1277\" height=\"696\" src=\"data:image\/svg+xml;base64,PHN2ZyB3aWR0aD0iMSIgaGVpZ2h0PSIxIiB4bWxucz0iaHR0cDovL3d3dy53My5vcmcvMjAwMC9zdmciPjwvc3ZnPg==\" style=\"--smush-placeholder-width: 1277px; --smush-placeholder-aspect-ratio: 1277\/696;\" \/><\/a><\/p>\n<p>A partir deste s\u00e1bado, a garotada do bairro Lino Alves Teixeira ganha um novo local para se divertir e criar um mundo imagin\u00e1rio de aventuras e muita adrenalina. Com a inaugura\u00e7\u00e3o do novo parque instalado no Centro Cultural, as crian\u00e7as passam a contar com variados tipos de brinquedos de alta qualidade e seguran\u00e7a , garantindo momento de lazer e sociabilidade entre eles.<\/p>\n<p>O benef\u00edcio s\u00f3 se tornou poss\u00edvel gra\u00e7as a emenda parlamentar do deputado estadual Airton Gurgacz, no valor de R$ 50.000,00.<\/p>\n<p>&nbsp;<\/p>\n<h2><strong><em>Gratid\u00e3o<\/em><\/strong><\/h2>\n<p>De acordo com o chefe do Executivo Municipal de Presidente M\u00e9dici, \u00e9 motivo de gratid\u00e3o sua administra\u00e7\u00e3o poder concluir e entregar a popula\u00e7\u00e3o obras que foram iniciadas no governo anterior, mas que, por algum motivo, n\u00e3o tiveram prosseguimento. \u201cHaveremos de lutar dia e noite para que todas as benfeitorias que lan\u00e7armos sejam entregues em nosso governo, a n\u00e3o ser que n\u00e3o seja da vontade de Deus. Agradecemos a parceria com o Legislativo que sempre nos tem apoiado e dado suporte ao nosso trabalho, ao nosso corpo de profissionais em todos os n\u00edveis da Administra\u00e7\u00e3o e, principalmente, \u00e0 nossa gente, motivo maior de todo nosso empenho\u201d, conclui o prefeito.<\/p>\n<p>&nbsp;<\/p>\n<p>Texto: Wilson Guedes<\/p>\n<p>Fotos: Renan Mendes<\/p>\n<p>&nbsp;<\/p>\n<\/div>\n","protected":false},"excerpt":{"rendered":"<div class=\"mh-excerpt\"><p>Trata-se do Gin\u00e1sio Poliesportivo Raimundo Eleoneldes dos Santos, com emenda do Senador Acir Gurgacz,  Est\u00e1dio Municipal Eduardo Anchieta e Playground no Centro Cultural com emendas do deputado estadual Airton Gurgacz, al\u00e9m do pr\u00e9dio para a Feira do Produtor, com emenda do ex-deputado federal Anselmo de Jesus.<\/p>\n<\/div>","protected":false},"author":1,"featured_media":16196,"comment_status":"open","ping_status":"closed","sticky":false,"template":"","format":"standard","meta":{"footnotes":""},"categories":[3],"tags":[2504,1119],"class_list":["post-16195","post","type-post","status-publish","format-standard","has-post-thumbnail","hentry","category-cotidiano","tag-inauguracoes","tag-presidente-medici"],"_links":{"self":[{"href":"https:\/\/folhaderondonianews.com\/news\/wp-json\/wp\/v2\/posts\/16195","targetHints":{"allow":["GET"]}}],"collection":[{"href":"https:\/\/folhaderondonianews.com\/news\/wp-json\/wp\/v2\/posts"}],"about":[{"href":"https:\/\/folhaderondonianews.com\/news\/wp-json\/wp\/v2\/types\/post"}],"author":[{"embeddable":true,"href":"https:\/\/folhaderondonianews.com\/news\/wp-json\/wp\/v2\/users\/1"}],"replies":[{"embeddable":true,"href":"https:\/\/folhaderondonianews.com\/news\/wp-json\/wp\/v2\/comments?post=16195"}],"version-history":[{"count":0,"href":"https:\/\/folhaderondonianews.com\/news\/wp-json\/wp\/v2\/posts\/16195\/revisions"}],"wp:featuredmedia":[{"embeddable":true,"href":"https:\/\/folhaderondonianews.com\/news\/wp-json\/wp\/v2\/media\/16196"}],"wp:attachment":[{"href":"https:\/\/folhaderondonianews.com\/news\/wp-json\/wp\/v2\/media?parent=16195"}],"wp:term":[{"taxonomy":"category","embeddable":true,"href":"https:\/\/folhaderondonianews.com\/news\/wp-json\/wp\/v2\/categories?post=16195"},{"taxonomy":"post_tag","embeddable":true,"href":"https:\/\/folhaderondonianews.com\/news\/wp-json\/wp\/v2\/tags?post=16195"}],"curies":[{"name":"wp","href":"https:\/\/api.w.org\/{rel}","templated":true}]}}