{"id":16201,"date":"2017-12-02T18:24:24","date_gmt":"2017-12-02T22:24:24","guid":{"rendered":"http:\/\/folhaderondonianews.com\/news\/?p=16201"},"modified":"2017-12-02T18:25:39","modified_gmt":"2017-12-02T22:25:39","slug":"marcado-julgamento-final-do-cassol-mas","status":"publish","type":"post","link":"https:\/\/folhaderondonianews.com\/news\/2017\/12\/02\/marcado-julgamento-final-do-cassol-mas\/","title":{"rendered":"Marcado julgamento do\u00a0Cassol, mas isso n\u00e3o muda vexame\u00a0que o Supremo\u00a0passou\u00a0com\u00a0a cobran\u00e7a da Raquel; doze anos dariam para envelhecer um bom u\u00edsque, segundo Roberto Gutierrez\u00a0"},"content":{"rendered":"<p>Depois da press\u00e3o feita pela presidente da Procuradoria Geral da Rep\u00fablica,\u00a0Raquel\u00a0Dodge, o Supremo Tribunal Federal,\u00a0enfim,\u00a0poder\u00e1\u00a0sacrificar a galinha dos ovos de\u00a0diamante do direito.\u00a0Trata-se do caso do\u00a0senador Ivo Cassol (PP-RO).\u00a0Ele\u00a0recebeu sua senten\u00e7a em 8 de agosto de 2013 pelo STF por fraudes a licita\u00e7\u00f5es.\u00a0Passados 4\u00a0anos, 3 meses e 24\u00a0dias,\u00a0a\u00a0ministra\u00a0C\u00e1rmen\u00a0L\u00facia, marcou para a pr\u00f3xima quinta-feira, 7, o julgamento de recurso do senador.\u00a0<span data-ccp-props=\"{&quot;201341983&quot;:0,&quot;335559739&quot;:160,&quot;335559740&quot;:259}\">\u00a0<\/span><\/p>\n<p><strong>N\u00e3o havia lava Jato\u00a0<\/strong><\/p>\n<p>S\u00f3 para\u00a0voc\u00ea\u00a0ter ideia, quando\u00a0o Supremo Tribunal Federal condenou o senador, ainda n\u00e3o havia a Opera\u00e7\u00e3o Lava Jato, que hoje est\u00e1 na sua 47\u00aa fase. Rodrigo\u00a0Janot\u00a0ainda n\u00e3o tinha iniciado o primeiro dos dois mandatos bienais como procurador-geral da Rep\u00fablica. O presidente do Supremo era o agora ministro aposentado Joaquim Barbosa.<span data-ccp-props=\"{&quot;201341983&quot;:0,&quot;335559739&quot;:160,&quot;335559740&quot;:259}\">\u00a0<\/span><\/p>\n<p><strong>Traduzindo para o popular\u00a0<\/strong><\/p>\n<p>Se fosse para traduzir numa linguagem\u00a0popular\u00a0o pedido de Raquel Dodge, poderia ser assim:\u00a0P\u00f4, voc\u00eas est\u00e3o de sacanagem!\u00a0Tem 12 anos que esse processo est\u00e1 a\u00ed e\u00a0voc\u00eas\u00a0n\u00e3o desenrolam. A\u00a0condena\u00e7\u00e3o est\u00e1 desde 2013 esperando uma decis\u00e3o final!!! \u00d4, loco, meu!!! O que \u00e9 que est\u00e1 acontecendo? \u00c9 por conta de coisas assim que o povo fala mal de voc\u00eas.\u00a0<span data-ccp-props=\"{&quot;201341983&quot;:0,&quot;335559739&quot;:160,&quot;335559740&quot;:259}\">\u00a0<\/span><\/p>\n<p><span data-ccp-props=\"{&quot;201341983&quot;:0,&quot;335559739&quot;:160,&quot;335559740&quot;:259}\">\u00a0<\/span><\/p>\n<p><strong>D\u00favidas\u00a0<\/strong><\/p>\n<p>Depois\u00a0de 12 anos, quatro deles depois da senten\u00e7a dada, se a decis\u00e3o for favor\u00e1vel ao r\u00e9u\u00a0causar\u00e1\u00a0muita\u00a0estranheza e,\u00a0da\u00ed vem\u00a0\u00e0\u00a0pergunta:\u00a0por\u00a0que\u00a0ent\u00e3o\u00a0tanta demora?<br \/>\nSe a\u00a0senten\u00e7a for desfavor\u00e1vel, da\u00ed vem uma outra pergunta: foi por isso que demoraram tanto e\u00a0agora\u00a0n\u00e3o deu mais para segurar?<span data-ccp-props=\"{&quot;201341983&quot;:0,&quot;335559739&quot;:160,&quot;335559740&quot;:259}\">\u00a0<\/span><\/p>\n<p><span data-ccp-props=\"{&quot;201341983&quot;:0,&quot;335559739&quot;:160,&quot;335559740&quot;:259}\">\u00a0<\/span><\/p>\n<p>A sugest\u00e3o deste\u00a0editor, \u00e9 que o s\u00edmbolo da Suprema Corte do Pa\u00eds seja\u00a0acrescentado\u00a0uma tartaruga ao lado da est\u00e1tua da mulher de\u00a0olhos\u00a0vendados.\u00a0<span data-ccp-props=\"{&quot;201341983&quot;:0,&quot;335559739&quot;:160,&quot;335559740&quot;:259}\">\u00a0<\/span><\/p>\n<p><span data-ccp-props=\"{&quot;201341983&quot;:0,&quot;335559739&quot;:160,&quot;335559740&quot;:259}\">\u00a0<\/span><\/p>\n<p><strong>Veja o caminho do processo:\u00a0<\/strong><\/p>\n<p>&#8211; 1998-2002 &#8211; Per\u00edodo em que os atos foram praticados<span data-ccp-props=\"{&quot;201341983&quot;:0,&quot;335559739&quot;:160,&quot;335559740&quot;:259}\">\u00a0<\/span><\/p>\n<p>&#8211; 27\/10\/2002 &#8211; Ivo Cassol \u00e9 eleito governador de Rond\u00f4nia pelo PSDB no segundo turno<span data-ccp-props=\"{&quot;201341983&quot;:0,&quot;335559739&quot;:160,&quot;335559740&quot;:259}\">\u00a0<\/span><\/p>\n<p>&#8211; 17\/08\/2005 &#8211; STJ recebe den\u00fancia contra o governador<span data-ccp-props=\"{&quot;201341983&quot;:0,&quot;335559739&quot;:160,&quot;335559740&quot;:259}\">\u00a0<\/span><\/p>\n<p>&#8211; 19\/09\/2006 &#8211; Relator Menezes Direito determina interrogat\u00f3rio dos r\u00e9us<span data-ccp-props=\"{&quot;201341983&quot;:0,&quot;335559739&quot;:160,&quot;335559740&quot;:259}\">\u00a0<\/span><\/p>\n<p>&#8211; 31\/08\/2007 &#8211; Relator intima r\u00e9us para apresentarem defesa pr\u00e9via<span data-ccp-props=\"{&quot;201341983&quot;:0,&quot;335559739&quot;:160,&quot;335559740&quot;:259}\">\u00a0<\/span><\/p>\n<p>&#8211; 14\/12\/2007 &#8211; Nova relatora Nancy\u00a0Andrighi\u00a0pede que advogados de dois r\u00e9us digam qual das pe\u00e7as de defesa pr\u00e9via deve prevalecer<span data-ccp-props=\"{&quot;201341983&quot;:0,&quot;335559739&quot;:160,&quot;335559740&quot;:259}\">\u00a0<\/span><\/p>\n<p>&#8211; 05\/03\/2010 &#8211; Conclu\u00edda a inquiri\u00e7\u00e3o de testemunhas, relatora Nancy\u00a0Andrighi\u00a0abre prazo para MPF e defesa requererem dilig\u00eancias se quiserem.<span data-ccp-props=\"{&quot;201341983&quot;:0,&quot;335559739&quot;:160,&quot;335559740&quot;:259}\">\u00a0<\/span><\/p>\n<p>&#8211; 06\/08\/2010 &#8211; Ap\u00f3s comunica\u00e7\u00e3o de ren\u00fancia de Ivo Cassol do governo, relatora envia caso \u00e0 1\u00aa Vara Criminal da Comarca de Rolim de Moura\/RO.<span data-ccp-props=\"{&quot;201341983&quot;:0,&quot;335559739&quot;:160,&quot;335559740&quot;:259}\">\u00a0<\/span><\/p>\n<p>&#8211; 03\/10\/2010 &#8211; Ivo Cassol \u00e9 eleito senador pelo PP\/RO junto com Valdir Raupp (PMDB).<span data-ccp-props=\"{&quot;201341983&quot;:0,&quot;335559739&quot;:160,&quot;335559740&quot;:259}\">\u00a0<\/span><\/p>\n<p>&#8211; 04\/02\/2011 &#8211; Autuada a den\u00fancia no STF, pois o senador ganhou prerrogativa de foro na corte.<span data-ccp-props=\"{&quot;201341983&quot;:0,&quot;335559739&quot;:160,&quot;335559740&quot;:259}\">\u00a0<\/span><\/p>\n<p>&#8211; 08\/08\/2013 &#8211; Condena\u00e7\u00e3o por fraude a licita\u00e7\u00f5es.<span data-ccp-props=\"{&quot;201341983&quot;:0,&quot;335559739&quot;:160,&quot;335559740&quot;:259}\">\u00a0<\/span><\/p>\n<p>&#8211; 23\/05\/2014 &#8211; Publica\u00e7\u00e3o do ac\u00f3rd\u00e3o (a partir de quando a defesa pode recorrer)<span data-ccp-props=\"{&quot;201341983&quot;:0,&quot;335559739&quot;:160,&quot;335559740&quot;:259}\">\u00a0<\/span><\/p>\n<p>&#8211; 27\/05\/2014 &#8211; Embargos de Declara\u00e7\u00e3o opostos contra condena\u00e7\u00e3o<span data-ccp-props=\"{&quot;201341983&quot;:0,&quot;335559739&quot;:160,&quot;335559740&quot;:259}\">\u00a0<\/span><\/p>\n<p>&#8211; 30\/05\/2014 &#8211; Mais dois embargos de declara\u00e7\u00e3o opostos contra a condena\u00e7\u00e3o<span data-ccp-props=\"{&quot;201341983&quot;:0,&quot;335559739&quot;:160,&quot;335559740&quot;:259}\">\u00a0<\/span><\/p>\n<p>&#8211; 18\/09\/2014 &#8211; Os tr\u00eas embargos de declara\u00e7\u00e3o foram rejeitados (n\u00e3o conhecidos pela unanimidade)<span data-ccp-props=\"{&quot;201341983&quot;:0,&quot;335559739&quot;:160,&quot;335559740&quot;:259}\">\u00a0<\/span><\/p>\n<p>&#8211; 04\/12\/2014 &#8211; Publicado ac\u00f3rd\u00e3o dos 3 embargos de declara\u00e7\u00e3o n\u00e3o conhecidos<span data-ccp-props=\"{&quot;201341983&quot;:0,&quot;335559739&quot;:160,&quot;335559740&quot;:259}\">\u00a0<\/span><\/p>\n<p>&#8211; 05\/12\/2014 &#8211; Opostos embargos de declara\u00e7\u00e3o dos embargos de declara\u00e7\u00e3o<span data-ccp-props=\"{&quot;201341983&quot;:0,&quot;335559739&quot;:160,&quot;335559740&quot;:259}\">\u00a0<\/span><\/p>\n<p>&#8211; 09\/12\/2014 &#8211; Opostos os segundos e os terceiros embargos de declara\u00e7\u00e3o dos embargos de declara\u00e7\u00e3o<span data-ccp-props=\"{&quot;201341983&quot;:0,&quot;335559739&quot;:160,&quot;335559740&quot;:259}\">\u00a0<\/span><\/p>\n<p>&#8211; 15\/12\/2014 &#8211; PGR opina pela rejei\u00e7\u00e3o dos 3 embargos de declara\u00e7\u00e3o dos embargos de declara\u00e7\u00e3o<span data-ccp-props=\"{&quot;201341983&quot;:0,&quot;335559739&quot;:160,&quot;335559740&quot;:259}\">\u00a0<\/span><\/p>\n<p>&#8211; 23\/06\/2015 &#8211; Relatora\u00a0C\u00e1rmen\u00a0L\u00facia libera embargos para julgamento<span data-ccp-props=\"{&quot;201341983&quot;:0,&quot;335559739&quot;:160,&quot;335559740&quot;:259}\">\u00a0<\/span><\/p>\n<p>&#8211; 06\/04\/2016 &#8211; Julgamento inicia com voto da relatora\u00a0C\u00e1rmen\u00a0L\u00facia por rejei\u00e7\u00e3o dos primeiros embargos de declara\u00e7\u00e3o dos embargos de declara\u00e7\u00e3o, e o ministro Dias\u00a0Toffoli\u00a0pede vista.<span data-ccp-props=\"{&quot;201341983&quot;:0,&quot;335559739&quot;:160,&quot;335559740&quot;:259}\">\u00a0<\/span><\/p>\n<p>&#8211; 01\/06\/2016 &#8211; Julgamento inicia com voto da relatora\u00a0C\u00e1rmen\u00a0L\u00facia por rejei\u00e7\u00e3o dos segundos e terceiros embargos de declara\u00e7\u00e3o, e o ministro Dias\u00a0Toffoli\u00a0pede vista.<span data-ccp-props=\"{&quot;201341983&quot;:0,&quot;335559739&quot;:160,&quot;335559740&quot;:259}\">\u00a0<\/span><\/p>\n<p>&#8211; 01\/08\/2016 &#8211; Ministro Dias\u00a0Toffoli\u00a0devolve os autos para julgamento<span data-ccp-props=\"{&quot;201341983&quot;:0,&quot;335559739&quot;:160,&quot;335559740&quot;:259}\">\u00a0<\/span><\/p>\n<p>&#8211; 08\/09\/2016 &#8211; Ap\u00f3s votos de Dias\u00a0Toffoli, Gilmar Mendes, Marco Aur\u00e9lio, Celso de Mello e Ricardo\u00a0Lewandowski\u00a0(Presidente) acolhendo em parte os embargos de declara\u00e7\u00e3o, e de Edson\u00a0Fachin, Roberto Barroso, Rosa Weber e Luiz\u00a0Fux\u00a0acompanhando a relatora rejeitando os embargos de declara\u00e7\u00e3o, o ministro\u00a0Teori\u00a0Zavascki pediu vista.<span data-ccp-props=\"{&quot;201341983&quot;:0,&quot;335559739&quot;:160,&quot;335559740&quot;:259}\">\u00a0<\/span><\/p>\n<p>&#8211; 12\/09\/2016 &#8211;\u00a0C\u00e1rmen\u00a0L\u00facia assume a presid\u00eancia do STF<span data-ccp-props=\"{&quot;201341983&quot;:0,&quot;335559739&quot;:160,&quot;335559740&quot;:259}\">\u00a0<\/span><\/p>\n<p>&#8211; 14\/09\/2016 &#8211; Tribunal delibera para corrigir a vota\u00e7\u00e3o anterior e estabelecer o impedimento do ministro Luiz\u00a0Fux\u00a0de participar do julgamento<span data-ccp-props=\"{&quot;201341983&quot;:0,&quot;335559739&quot;:160,&quot;335559740&quot;:259}\">\u00a0<\/span><\/p>\n<p>&#8211; 20\/09\/2016 &#8211; Ap\u00f3s ter pedido vista, ministro\u00a0Teori\u00a0Zavascki devolve os autos dentro do prazo regimental.<span data-ccp-props=\"{&quot;201341983&quot;:0,&quot;335559739&quot;:160,&quot;335559740&quot;:259}\">\u00a0<\/span><\/p>\n<p>&#8211; 08\/08\/2017 &#8211; Alexandre de Moraes se declara apto a votar<span data-ccp-props=\"{&quot;201341983&quot;:0,&quot;335559739&quot;:160,&quot;335559740&quot;:259}\">\u00a0<\/span><\/p>\n<p>&#8211; 23\/11\/2017 &#8211; PGR pediu prioridade no julgamento dos embargos de declara\u00e7\u00e3o.<span data-ccp-props=\"{&quot;201341983&quot;:0,&quot;335559739&quot;:160,&quot;335559740&quot;:259}\">\u00a0<\/span><\/p>\n<p>&#8211; 27\/11\/2017 &#8211; Chegou ao gabinete da presidente do STF,\u00a0C\u00e1rmen\u00a0L\u00facia, a manifesta\u00e7\u00e3o de Raquel Dodge.<span data-ccp-props=\"{&quot;201341983&quot;:0,&quot;335559739&quot;:160,&quot;335559740&quot;:259}\">\u00a0<\/span><\/p>\n<p>01\/12\/2017 &#8211; Ministra\u00a0C\u00e1rmen\u00a0L\u00facia, marcou para a pr\u00f3xima quinta-feira, 7, o julgamento de recurso do senador Ivo Cassol (PP-RO)<span data-ccp-props=\"{&quot;201341983&quot;:0,&quot;335559739&quot;:160,&quot;335559740&quot;:259}\">\u00a0<\/span><\/p>\n","protected":false},"excerpt":{"rendered":"<div class=\"mh-excerpt\"><p>Depois da press\u00e3o feita pela presidente da Procuradoria Geral da Rep\u00fablica, Raquel Dodge, o Supremo Tribunal Federal, enfim, poder\u00e1 sacrificar a galinha dos ovos de diamante do direito. Coluna do Gutierrez.<\/p>\n<\/div>","protected":false},"author":1,"featured_media":16202,"comment_status":"open","ping_status":"closed","sticky":false,"template":"","format":"standard","meta":{"footnotes":""},"categories":[8],"tags":[2505],"class_list":["post-16201","post","type-post","status-publish","format-standard","has-post-thumbnail","hentry","category-coluna-do-gutierrez","tag-marcado-julgamento-final-do-cassol"],"_links":{"self":[{"href":"https:\/\/folhaderondonianews.com\/news\/wp-json\/wp\/v2\/posts\/16201","targetHints":{"allow":["GET"]}}],"collection":[{"href":"https:\/\/folhaderondonianews.com\/news\/wp-json\/wp\/v2\/posts"}],"about":[{"href":"https:\/\/folhaderondonianews.com\/news\/wp-json\/wp\/v2\/types\/post"}],"author":[{"embeddable":true,"href":"https:\/\/folhaderondonianews.com\/news\/wp-json\/wp\/v2\/users\/1"}],"replies":[{"embeddable":true,"href":"https:\/\/folhaderondonianews.com\/news\/wp-json\/wp\/v2\/comments?post=16201"}],"version-history":[{"count":0,"href":"https:\/\/folhaderondonianews.com\/news\/wp-json\/wp\/v2\/posts\/16201\/revisions"}],"wp:featuredmedia":[{"embeddable":true,"href":"https:\/\/folhaderondonianews.com\/news\/wp-json\/wp\/v2\/media\/16202"}],"wp:attachment":[{"href":"https:\/\/folhaderondonianews.com\/news\/wp-json\/wp\/v2\/media?parent=16201"}],"wp:term":[{"taxonomy":"category","embeddable":true,"href":"https:\/\/folhaderondonianews.com\/news\/wp-json\/wp\/v2\/categories?post=16201"},{"taxonomy":"post_tag","embeddable":true,"href":"https:\/\/folhaderondonianews.com\/news\/wp-json\/wp\/v2\/tags?post=16201"}],"curies":[{"name":"wp","href":"https:\/\/api.w.org\/{rel}","templated":true}]}}