{"id":16246,"date":"2017-12-08T17:15:10","date_gmt":"2017-12-08T21:15:10","guid":{"rendered":"http:\/\/folhaderondonianews.com\/news\/?p=16246"},"modified":"2017-12-08T17:15:10","modified_gmt":"2017-12-08T21:15:10","slug":"ji-parana-tera-curso-de-medicina","status":"publish","type":"post","link":"https:\/\/folhaderondonianews.com\/news\/2017\/12\/08\/ji-parana-tera-curso-de-medicina\/","title":{"rendered":"Ji-Paran\u00e1 ter\u00e1 curso de Medicina"},"content":{"rendered":"<p>Guarim Liberato &#8211; O Minist\u00e9rio da Educa\u00e7\u00e3o (MEC) autorizou, por meio de edital publicado nesta sexta-feira, 08\/12, a instala\u00e7\u00e3o de um curso de Medicina em Ji-Paran\u00e1. O edital \u00e9 de chamamento p\u00fablico, ou seja, as institui\u00e7\u00f5es de educa\u00e7\u00e3o superior privadas podem se candidatar para oferecer o curso.<\/p>\n<p>Em todo o Brasil o MEC autorizou novos cursos de Medicina em 29 munic\u00edpios. Os munic\u00edpios chamados para aderir ao edital foram pr\u00e9-selecionados de acordo com os crit\u00e9rios de relev\u00e2ncia e necessidade social da oferta do curso de Medicina, seguindo crit\u00e9rios dos Minist\u00e9rios da Sa\u00fade e da Educa\u00e7\u00e3o.<\/p>\n<p>O senador Acir Gurgacz (PDT) havia feito esse pleito em 2013. A confirma\u00e7\u00e3o da inclus\u00e3o de Ji-Paran\u00e1 entre as cidades contempladas foi divulgada previamente em abril de 2014, pelo ent\u00e3o ministro da Educa\u00e7\u00e3o, Aloizio Mercadante. Gurgacz refor\u00e7ou o pedido ao atual ministro da Educa\u00e7\u00e3o, Jos\u00e9 Bezerra Filho, e tamb\u00e9m ao atual ministro da Sa\u00fade, Ricardo Barros.<\/p>\n<p>O senador Acir Gurgacz lembra que, diante da falta de m\u00e9dicos em Rond\u00f4nia, principalmente na regi\u00e3o Central e no Interior do Estado, fez constantes pleitos aos Minist\u00e9rios da Educa\u00e7\u00e3o e da Sa\u00fade para instala\u00e7\u00e3o cursos de Medicina em Ji-Paran\u00e1 e Vilhena, bem como para a vinda de m\u00e9dicos do Programa Mais M\u00e9dicos para o Estado. Rond\u00f4nia chegou a ter 319 m\u00e9dicos vinculados ao programa. A instala\u00e7\u00e3o do curso em Vilhena foi liberada em 2016.<\/p>\n<p>\u201cA autoriza\u00e7\u00e3o para instala\u00e7\u00e3o de um curso de Medicina em Ji-Paran\u00e1 \u00e9 um alento aos nossos estudantes, uma vez que muitos est\u00e3o indo estudar Medicina na Bol\u00edvia, bem como para a popula\u00e7\u00e3o da regi\u00e3o que em breve contar\u00e1 com mais m\u00e9dicos formados aqui mesmo\u201d, destaca Gurgacz.<\/p>\n<p>O senador Acir Gurgacz diz que continuar\u00e1 trabalhando para a descentraliza\u00e7\u00e3o da sa\u00fade e da educa\u00e7\u00e3o no Estado. \u201cEntendo que temos que trabalhar de forma mais efetiva pela regionaliza\u00e7\u00e3o da sa\u00fade em Rond\u00f4nia, e para que esses polos regionais tenham condi\u00e7\u00f5es de formar seus pr\u00f3prios m\u00e9dicos e profissionais de sa\u00fade\u201d, frisou Acir.<\/p>\n<p>&nbsp;<\/p>\n","protected":false},"excerpt":{"rendered":"<div class=\"mh-excerpt\"><p>O senador Acir Gurgacz (PDT) havia feito esse pleito em 2013. A confirma\u00e7\u00e3o da inclus\u00e3o de Ji-Paran\u00e1 entre as cidades contempladas foi divulgada previamente em abril de 2014, pelo ent\u00e3o ministro da Educa\u00e7\u00e3o, Aloizio Mercadante. Gurgacz refor\u00e7ou o pedido ao atual ministro da Educa\u00e7\u00e3o, Jos\u00e9 Bezerra Filho, e tamb\u00e9m ao atual ministro da Sa\u00fade, Ricardo Barros.<\/p>\n<\/div>","protected":false},"author":1,"featured_media":16247,"comment_status":"open","ping_status":"closed","sticky":false,"template":"","format":"standard","meta":{"footnotes":""},"categories":[5],"tags":[801,2515,99],"class_list":["post-16246","post","type-post","status-publish","format-standard","has-post-thumbnail","hentry","category-brasil","tag-acir-gurgacz","tag-curso-de-medicina","tag-ji-parana"],"_links":{"self":[{"href":"https:\/\/folhaderondonianews.com\/news\/wp-json\/wp\/v2\/posts\/16246","targetHints":{"allow":["GET"]}}],"collection":[{"href":"https:\/\/folhaderondonianews.com\/news\/wp-json\/wp\/v2\/posts"}],"about":[{"href":"https:\/\/folhaderondonianews.com\/news\/wp-json\/wp\/v2\/types\/post"}],"author":[{"embeddable":true,"href":"https:\/\/folhaderondonianews.com\/news\/wp-json\/wp\/v2\/users\/1"}],"replies":[{"embeddable":true,"href":"https:\/\/folhaderondonianews.com\/news\/wp-json\/wp\/v2\/comments?post=16246"}],"version-history":[{"count":0,"href":"https:\/\/folhaderondonianews.com\/news\/wp-json\/wp\/v2\/posts\/16246\/revisions"}],"wp:featuredmedia":[{"embeddable":true,"href":"https:\/\/folhaderondonianews.com\/news\/wp-json\/wp\/v2\/media\/16247"}],"wp:attachment":[{"href":"https:\/\/folhaderondonianews.com\/news\/wp-json\/wp\/v2\/media?parent=16246"}],"wp:term":[{"taxonomy":"category","embeddable":true,"href":"https:\/\/folhaderondonianews.com\/news\/wp-json\/wp\/v2\/categories?post=16246"},{"taxonomy":"post_tag","embeddable":true,"href":"https:\/\/folhaderondonianews.com\/news\/wp-json\/wp\/v2\/tags?post=16246"}],"curies":[{"name":"wp","href":"https:\/\/api.w.org\/{rel}","templated":true}]}}